{"provider_url": "https://www.palmeira.pr.leg.br", "title": "4\u00aa Sess\u00e3o Ordin\u00e1ria", "html": "<p>Nesta quinta-feira (27/02) aconteceu na sede da C\u00e2mara Municipal de Palmeira, a quarta Sess\u00e3o Ordin\u00e1ria de 2020, tendo registrado a presen\u00e7a de todos os vereadores. </p>\r\n<p><b>EXPEDIENTE <br /></b></p>\r\n<p>No expediente da Sess\u00e3o foram lidos 04 Projetos de Lei, 06 Requerimentos, 01 Indica\u00e7\u00e3o e 01 Mo\u00e7\u00e3o.</p>\r\n<p>Usou a tribuna para pronunciamento o vereador Jo\u00e3o Alberto F. da Costa (hospitais).<b> <br /></b></p>\r\n<p><b>ORDEM DO DIA</b> </p>\r\n<p>Em discuss\u00e3o \u00fanica foram aprovados os Requerimentos 12, 13, 14, 15, 16 e 17/2020, e as Indica\u00e7\u00f5es 04 e 05/2020.</p>\r\n<p>Em 2\u00aa discuss\u00e3o foram aprovados os Projetos de Lei 5434, 5437, 5438, 5439, 5440 e 5441.</p>\r\n<p>Em 1\u00aa discuss\u00e3o foram aprovados os Projetos de Lei 5442, 5443 e 5444.</p>\r\n<p><b>EXPLICA\u00c7\u00c3O PESSOAL</b></p>\r\n<p>Inscritos em explica\u00e7\u00e3o pessoal, usaram da palavra os vereadores Gilmar Costa (placas indicativas) e Jo\u00e3o Savi (taxa de ilumina\u00e7\u00e3o p\u00fablica).</p>\r\n<p><b>A pr\u00f3xima sess\u00e3o ordin\u00e1ria acontecer\u00e1 na ter\u00e7a-feira (03/03), no hor\u00e1rio regimental de 19 horas, sendo que todos ter\u00e3o acesso \u00e0 convoca\u00e7\u00e3o da Ordem do Dia no site oficial da C\u00e2mara Municipal (<a href=\"http://www.palmeira.pr.leg.br/\">www.palmeira.pr.leg.br</a>).</b></p>", "author_name": "", "version": "1.0", "author_url": "https://www.palmeira.pr.leg.br/author/ivano", "provider_name": "C\u00e2mara Municipal de Palmeira", "type": "rich"}