{"provider_url": "https://www.palmeira.pr.leg.br", "title": "46\u00aa Sess\u00e3o Ordin\u00e1ria", "html": "<p>Nesta ter\u00e7a-feira (17/12), aconteceu na sede da C\u00e2mara Municipal de Palmeira, a quadrag\u00e9sima sexta Sess\u00e3o Ordin\u00e1ria de 2024, tendo registrado a presen\u00e7a de todos os vereadores.\u00a0\u00a0 </p>\r\n<p><b>EXPEDIENTE <br /></b></p>\r\n<p>No expediente da Sess\u00e3o foram lidos 02 Indica\u00e7\u00f5es e 01 Projeto de Decreto Legislativo.</p>\r\n<p>Usaram a tribuna para pronunciamentos os vereadores Egon Krambeck (Pronunciamento) e Vane (Pronunciamento).<b> <br /></b></p>\r\n<p><b>ORDEM DO DIA</b> </p>\r\n<p>Em discuss\u00e3o \u00fanica foi aprovada a Indica\u00e7\u00e3o 128/2024. \u00a0\u00a0\u00a0\u00a0</p>\r\n<p>Em 2\u00aa discuss\u00e3o foram aprovados os Projetos de Lei 6401/2024, 6402/2024 e 6403/2024.</p>\r\n<p>Em 1\u00aa discuss\u00e3o foram aprovados o Projeto de Lei 6404/2024 e o Projeto de Lei Complementar 50/2024.\u00a0 </p>\r\n<p><b>PALAVRA DO PRESIDENTE</b> </p>\r\n<p>O presidente vereador Odair Sanson J\u00fanior, antes de encerrar a sess\u00e3o, considerando o disposto no Decreto Municipal n\u00ba 17.650/2024 e na Portaria n\u00ba 1.221/2024 da C\u00e2mara Municipal, que estabelecem orienta\u00e7\u00f5es acerca do recesso para comemora\u00e7\u00e3o das festas de final de ano, e que n\u00e3o existem mat\u00e9rias aptas \u00e0 aprecia\u00e7\u00e3o pelo plen\u00e1rio, comunicou que n\u00e3o ser\u00e3o realizadas sess\u00f5es ordin\u00e1rias dos dias 24 e 31 de dezembro. </p>\r\n<p>Encerrando sua fala, convocou os vereadores para Sess\u00e3o Extraordin\u00e1ria no dia 19 de dezembro, \u00e0s 19 horas, para discuss\u00e3o e vota\u00e7\u00e3o \u00fanica das Indica\u00e7\u00f5es 129 e 130/2024 e 2\u00aa discuss\u00e3o e vota\u00e7\u00e3o do Projeto de Lei 6404/2024 e do Projeto de Lei Complementar 50/2024. </p>\r\n<p><b>A pr\u00f3xima sess\u00e3o ordin\u00e1ria acontecer\u00e1 na ter\u00e7a-feira (04/02/2025), no hor\u00e1rio regimental de 19 horas, sendo que todos ter\u00e3o acesso \u00e0 convoca\u00e7\u00e3o da Ordem do Dia no site oficial da C\u00e2mara Municipal (</b><a href=\"http://www.palmeira.pr.leg.br/\"><b>www.palmeira.pr.leg.br</b></a><b>).</b></p>", "author_name": "", "version": "1.0", "author_url": "https://www.palmeira.pr.leg.br/author/ivano", "provider_name": "C\u00e2mara Municipal de Palmeira", "type": "rich"}