{"provider_url": "https://www.palmeira.pr.leg.br", "title": "46\u00aa Sess\u00e3o Ordin\u00e1ria", "html": "<p>Nesta ter\u00e7a-feira (18/12), aconteceu na sede da C\u00e2mara Municipal de Palmeira, a quadrag\u00e9sima sexta Sess\u00e3o Ordin\u00e1ria de 2018, tendo registrado a presen\u00e7a de todos os vereadores.<span>\u00a0</span></p>\r\n<p><b>EXPEDIENTE</b><b>\u00a0</b></p>\r\n<p>No expediente da sess\u00e3o foram apresentados 02 Indica\u00e7\u00f5es, 01 Mo\u00e7\u00e3o, 01 Emenda a Projeto de Lei e 01 Projeto de Lei.</p>\r\n<p>Usou a tribuna para pronunciamento o vereador Jo\u00e3o Alberto F. da Costa (Projeto de Lei 5178).<span>\u00a0 \u00a0 \u00a0 \u00a0 \u00a0 \u00a0 \u00a0 \u00a0 \u00a0 \u00a0\u00a0</span></p>\r\n<p><b>ORDEM DO DIA</b><b>\u00a0</b></p>\r\n<p>Em discuss\u00e3o \u00fanica foram aprovados o Requerimento 1038, as Indica\u00e7\u00f5es 076 a 078/18, e a Emenda 1026 ao Projeto de Lei 5157. \u00a0</p>\r\n<p>Em 2\u00aa discuss\u00e3o foram aprovados os Projetos de Lei 5181, 5182, 5183, os Projetos de Lei Complementar 006, 007, e o Projeto de Resolu\u00e7\u00e3o 136/18.</p>\r\n<p>Em 1\u00aa discuss\u00e3o foram aprovados os Projetos de Lei 5157, 5179, 5180 (Substitutivo), 5184, 5185, 5186, 5187, 5188, e o Projeto de Lei Complementar 008.<span>\u00a0</span></p>\r\n<p>\u00a0<b>EXPLICA\u00c7\u00c3O PESSOAL</b><b>\u00a0</b></p>\r\n<p>Inscritos em explica\u00e7\u00e3o pessoal, usaram da palavra os vereadores Denis Sanson (Mo\u00e7\u00e3o de Aplausos), Arildo S. Zaleski (Projeto de Lei Complementar 007), Jo\u00e3o Alberto F. da Costa (Judici\u00e1rio) e Marcos Ribas (Ilumina\u00e7\u00e3o de Natal).<span>\u00a0</span></p>\r\n<p><b>PALAVRA DO PRESIDENTE</b><span>\u00a0</span></p>\r\n<p>O presidente vereador Pastor Anselmo, antes de encerrar a sess\u00e3o, discorreu sobre os projetos que repassaram valores para as entidades assistenciais de Palmeira, dando \u00eanfase \u00e0 grande import\u00e2ncia dessas institui\u00e7\u00f5es.</p>\r\n<p>Tamb\u00e9m discorreu a respeito dos Projetos de Lei Complementar 006 e 007.</p>\r\n<p>Encerrando sua fala, convocou os vereadores para Sess\u00e3o Extraordin\u00e1ria no dia 20 de dezembro, \u00e0s 18 horas, para aprecia\u00e7\u00e3o em discuss\u00e3o \u00fanica da Emenda Modificativa ao Projeto de Lei 5178, e 1\u00aa discuss\u00e3o dos Projetos de Lei 5178 e 5189.<span>\u00a0</span></p>\r\n<p><b>A pr\u00f3xima sess\u00e3o ordin\u00e1ria estar\u00e1 acontecendo na pr\u00f3xima quarta-feira (26/12), no hor\u00e1rio regimental de 19 horas, sendo que todos ter\u00e3o acesso \u00e0 convoca\u00e7\u00e3o da Ordem do Dia no site oficial da C\u00e2mara Municipal (<a href=\"https://www.palmeira.pr.leg.br/\">www.palmeira.pr.leg.br</a></b></p>", "author_name": "", "version": "1.0", "author_url": "https://www.palmeira.pr.leg.br/author/ivano", "provider_name": "C\u00e2mara Municipal de Palmeira", "type": "rich"}