{"provider_url": "https://www.palmeira.pr.leg.br", "title": "44\u00aa Sess\u00e3o Ordin\u00e1ria", "html": "<p>Nesta ter\u00e7a-feira (03/12) aconteceu na sede da C\u00e2mara Municipal de Palmeira, a quadrag\u00e9sima quarta Sess\u00e3o Ordin\u00e1ria de 2019, tendo registrado a presen\u00e7a de todos os vereadores.</p>\r\n<p><b>EXPEDIENTE</b></p>\r\n<p>No expediente da Sess\u00e3o foram lidos 02 Projetos de Lei, 01 Projeto de Lei Complementar, 01 Emenda, 02 Indica\u00e7\u00f5es e 03 Requerimentos.</p>\r\n<p>Usaram a tribuna para pronunciamentos os vereadores Anselmo H. Os\u00f3rio (Centro de Especialidades M\u00e9dicas) e Jo\u00e3o Alberto F. da Costa (Fiscaliza\u00e7\u00e3o).</p>\r\n<p><b>ORDEM DO DIA</b></p>\r\n<p>Em discuss\u00e3o \u00fanica foram aprovados os Requerimentos 956, 957, 958/2019, e a Emenda 952/2019.</p>\r\n<p>Em 2\u00aa discuss\u00e3o foram aprovados os Projetos de Lei Complementar 9, 10, 19, e os Projetos de Lei 5399 e 5403.</p>\r\n<p>O Projeto de Lei Complementar 17 teve sua discuss\u00e3o adiada pelo prazo de 30 dias, conforme requerimento verbal formulado pelo vereador Marcos Ribas, e aprovado pelo plen\u00e1rio.</p>\r\n<p>J\u00e1 o Projeto de Lei Complementar 18 foi retirado da pauta de vota\u00e7\u00f5es, em raz\u00e3o da apresenta\u00e7\u00e3o de emenda supressiva protocolada sob n\u00ba 960/2019.</p>\r\n<p>Em 1\u00aa discuss\u00e3o foram aprovados os Projetos de Lei 5405, 5406, 5407, 5408, 5409, 5410, 5411, 5412 e 5413.</p>\r\n<p><b>EXPLICA\u00c7\u00c3O PESSOAL</b></p>\r\n<p>Inscritos em explica\u00e7\u00e3o pessoal, usaram da palavra os vereadores Rog\u00e9rio Czelusniak (Estrada), Marcos Ribas (Parlamento Jovem) e Anselmo H. Os\u00f3rio (Parlamento Jovem).</p>\r\n<p><b>PALAVRA DO PRESIDENTE</b></p>\r\n<p>O presidente vereador Domingos Everaldo Kuhn, antes de encerrar a sess\u00e3o, al\u00e9m de exaltar o Programa Parlamento Jovem, comunicou aos vereadores a entrega da presta\u00e7\u00e3o de contas referente ao m\u00eas de novembro, e lembrou que no dia 05 de dezembro, \u00e0s 14 horas, ocorrer\u00e1 a Sess\u00e3o Solene de encerramento do Programa Parlamento Jovem/2019.</p>\r\n<p>\u00a0</p>\r\n<p><b>A pr\u00f3xima sess\u00e3o ordin\u00e1ria acontecer\u00e1 na ter\u00e7a-feira (10/12), no hor\u00e1rio regimental de 19 horas, sendo que todos ter\u00e3o acesso \u00e0 convoca\u00e7\u00e3o da Ordem do Dia no site oficial da C\u00e2mara Municipal (<a href=\"http://www.palmeira.pr.leg.br/\">www.palmeira.pr.leg.br</a>).</b></p>", "author_name": "mariane", "version": "1.0", "author_url": "https://www.palmeira.pr.leg.br/author/mariane", "provider_name": "C\u00e2mara Municipal de Palmeira", "type": "rich"}