{"provider_url": "https://www.palmeira.pr.leg.br", "title": "3\u00aa Sess\u00e3o Ordin\u00e1ria", "html": "<p>Nesta ter\u00e7a-feira (18/02) aconteceu na sede da C\u00e2mara Municipal de Palmeira, a terceira Sess\u00e3o Ordin\u00e1ria de 2025, tendo registrado a aus\u00eancia do vereador Joslei Sequineli. </p>\r\n<p><b>EXPEDIENTE <br /></b></p>\r\n<p>No expediente da Sess\u00e3o foram lidos 10 Projetos de Lei, 03 Requerimentos e 18 Indica\u00e7\u00f5es.</p>\r\n<p>Usou a tribuna para pronunciamento o vereador Sargento Gaio (Reuni\u00e3o P\u00fablica).\u00a0<b> <br /></b></p>\r\n<p><b>ORDEM DO DIA</b> </p>\r\n<p>Em discuss\u00e3o \u00fanica foram aprovadas as Indica\u00e7\u00f5es 30 a 40/2025.</p>\r\n<p>Em 1\u00aa Discuss\u00e3o foram aprovados o Projeto de Lei 6406/2025 e o Projeto de Resolu\u00e7\u00e3o 172/2025. </p>\r\n<p><b>EXPLICA\u00c7\u00c3O PESSOAL <br /></b></p>\r\n<p>Inscrita em explica\u00e7\u00e3o pessoal, usou da palavra a vereadora Fabiola Mereles (Atraso no pagamento dos estagi\u00e1rios). \u00a0 </p>\r\n<p><b>PALAVRA DO PRESIDENTE</b> </p>\r\n<p>O presidente vereador Diego Zanetti, antes de encerrar a sess\u00e3o, fez men\u00e7\u00e3o ao pronunciamento do vereador Sargento Gaio em tribuna, dizendo que a rotat\u00f3ria da BR 277, nas proximidades com a Avenida Daniel Mansani tamb\u00e9m tem que ser levado em considera\u00e7\u00e3o numa poss\u00edvel reuni\u00e3o com a Concession\u00e1ria Via Arauc\u00e1ria, pois muitos acidentes j\u00e1 aconteceram naquele local. </p>\r\n<p><b>A pr\u00f3xima sess\u00e3o ordin\u00e1ria acontecer\u00e1 na ter\u00e7a-feira (25/02), no hor\u00e1rio regimental de 19 horas, sendo que todos ter\u00e3o acesso \u00e0 convoca\u00e7\u00e3o da Ordem do Dia no site oficial da C\u00e2mara Municipal (<a href=\"http://www.palmeira.pr.leg.br/\">www.palmeira.pr.leg.br</a>).</b></p>", "author_name": "", "version": "1.0", "author_url": "https://www.palmeira.pr.leg.br/author/ivano", "provider_name": "C\u00e2mara Municipal de Palmeira", "type": "rich"}