{"provider_url": "https://www.palmeira.pr.leg.br", "title": "3\u00aa sess\u00e3o ordin\u00e1ria", "html": "<p style=\"text-align: left; \">Na \u00faltima ter\u00e7a-feira (21) aconteceu na sede da C\u00e2mara Municipal de Palmeira, a terceira sess\u00e3o ordin\u00e1ria de 2017 que registrou a presen\u00e7a de todos os vereadores.</p>\r\n<p style=\"text-align: left; \"><strong>Expediente</strong></p>\r\n<p style=\"text-align: left; \">No expediente da sess\u00e3o foram lidos 03 projetos de leis e 01 projeto de resolu\u00e7\u00e3o sendo que os mesmos foram encaminhados para as comiss\u00f5es permanentes para an\u00e1lises e pareceres. Tamb\u00e9m foram lidos 01 anteprojeto, 01 requerimento, 03 indica\u00e7\u00f5es e 01 mo\u00e7\u00e3o de aplausos.</p>\r\n<p style=\"text-align: left; \">Fizeram uso da tribuna os vereadores Marcos Ribas (Quero Quero e Col\u00f4nia Maciel), Denis Sanson (Situa\u00e7\u00e3o das Estradas do Interior), Jo\u00e3o Alberto Ferreira da Costa (Patrim\u00f4nio P\u00fablico) e Jo\u00e3o Savi (Homenagem).</p>\r\n<p style=\"text-align: left; \"><strong>Ordem do dia</strong></p>\r\n<p style=\"text-align: left; \">Em discuss\u00e3o \u00fanica foram aprovados 12 indica\u00e7\u00f5es.</p>\r\n<p style=\"text-align: left; \">Em 2\u00aa discuss\u00e3o e por unanimidade de votos foram aprovados os projetos de lei 4612, 4614, 4615, 4616, 4617 e 4618, projeto de decreto legislativo 694 e projeto de resolu\u00e7\u00e3o 120.</p>\r\n<p style=\"text-align: left; \">Em 1\u00aa discuss\u00e3o e por unanimidade de votos foram aprovados os projetos de lei 4621, 4622, 4623, 4624, 4625, 4626, 4627, 4628 e 4629.</p>\r\n<p style=\"text-align: left; \"><strong>Explica\u00e7\u00e3o pessoal</strong></p>\r\n<p style=\"text-align: left; \">Inscrito em explica\u00e7\u00e3o pessoal, usou da palavra o vereador Marcos Ribas (Mo\u00e7\u00e3o de Aplausos).</p>\r\n<p style=\"text-align: left; \"><span>O presidente da mesa executiva, vereador Pastor Anselmo, antes de encerrar a sess\u00e3o, saudou os presentes e esclareceu que as proposi\u00e7\u00f5es votadas no plen\u00e1rio j\u00e1 s\u00e3o antecipadamente analisadas e discutidas nas comiss\u00f5es. Exaltou a presen\u00e7a do Sr. Erahard Friesen, Diretor da AMB \u2013 Associa\u00e7\u00e3o Menonita Beneficente, que realizou o momento de reflex\u00e3o. Tamb\u00e9m em r\u00e1pidas palavras discorreu sobre a estrada do Quero Quero, dizendo que esta estrada ter\u00e1 dias melhores.</span></p>\r\n<p style=\"text-align: left; \">A pr\u00f3xima sess\u00e3o ordin\u00e1ria, em virtude do feriado de carnaval, estar\u00e1 acontecendo na pr\u00f3xima quarta-feira (01/03), no hor\u00e1rio regimental de 19 horas, sendo que todos ter\u00e3o acesso \u00e0 convoca\u00e7\u00e3o da ordem do dia no site oficial da C\u00e2mara Municipal.</p>", "author_name": "", "version": "1.0", "author_url": "https://www.palmeira.pr.leg.br/author/cmpalmeira", "provider_name": "C\u00e2mara Municipal de Palmeira", "type": "rich"}