{"provider_url": "https://www.palmeira.pr.leg.br", "title": "39\u00aa Sess\u00e3o Ordin\u00e1ria", "html": "<p>Nesta ter\u00e7a-feira (29/10) aconteceu na sede da C\u00e2mara Municipal de Palmeira, a trig\u00e9sima nona Sess\u00e3o Ordin\u00e1ria de 2019, tendo registrado a aus\u00eancia do Vereador Anselmo H. Os\u00f3rio.<span>\u00a0\u00a0 </span></p>\r\n<p><b>EXPEDIENTE</b></p>\r\n<p>No expediente da sess\u00e3o foram lidos <b>01</b> Requerimento, <b>05</b> Indica\u00e7\u00f5es, <b>01 </b>Projeto de Resolu\u00e7\u00e3o e <b>09</b> Projetos de Lei.</p>\r\n<p><b>ORDEM DO DIA</b></p>\r\n<p>Em discuss\u00e3o \u00fanica foram aprovados o Anteprojeto de Lei 2/2019 e as Indica\u00e7\u00f5es 98 a 100/2019.</p>\r\n<p>Em 2\u00aa discuss\u00e3o foi aprovado o Projeto de Lei 5368.</p>\r\n<p>Em 1\u00aa discuss\u00e3o foram aprovados os Projetos de Lei 5384, 5386, 5387, 5388 e 5389.</p>\r\n<p><b>EXPLICA\u00c7\u00c3O PESSOAL</b></p>\r\n<p>Inscrito em explica\u00e7\u00e3o pessoal, usou da palavra o Vereador Marcos Ribas (Condol\u00eancias).</p>\r\n<p><b>A pr\u00f3xima sess\u00e3o ordin\u00e1ria estar\u00e1 acontecendo na ter\u00e7a-feira (05/11), no hor\u00e1rio regimental de 19 horas, sendo que todos ter\u00e3o acesso \u00e0 convoca\u00e7\u00e3o da Ordem do Dia no site oficial da C\u00e2mara Municipal (<a href=\"http://www.palmeira.pr.leg.br/\">www.palmeira.pr.leg.br</a>).</b></p>", "author_name": "mariane", "version": "1.0", "author_url": "https://www.palmeira.pr.leg.br/author/mariane", "provider_name": "C\u00e2mara Municipal de Palmeira", "type": "rich"}