{"provider_url": "https://www.palmeira.pr.leg.br", "title": "38\u00aa Sess\u00e3o Ordin\u00e1ria", "html": "<p>Nesta ter\u00e7a-feira (22/10) aconteceu na sede da C\u00e2mara Municipal de Palmeira, a trig\u00e9sima oitava Sess\u00e3o Ordin\u00e1ria de 2019, tendo registrado a presen\u00e7a de todos os vereadores.\u00a0\u00a0</p>\r\n<p><b>EXPEDIENTE</b></p>\r\n<p>No expediente da sess\u00e3o foram lidos 01 Requerimento, 01 Anteprojeto de Lei, 03 Indica\u00e7\u00f5es e 04 Projetos de Lei.</p>\r\n<p>Usou a tribuna para pronunciamento o vereador Jo\u00e3o Alberto F. da Costa (Hist\u00f3ria).</p>\r\n<p><b>ORDEM DO DIA</b></p>\r\n<p>Em discuss\u00e3o \u00fanica foram aprovados o Requerimento 805/2019, as Indica\u00e7\u00f5es 95 a 97/2019, e a Mo\u00e7\u00e3o de Aplausos 786/2019.</p>\r\n<p>Em 2\u00aa discuss\u00e3o foram aprovados os Projetos de Lei 5378, 5379, 5380, 5381, 5383 e 5385.</p>\r\n<p>Em 1\u00aa discuss\u00e3o foi aprovado o Projeto de Lei 5368.</p>\r\n<p><b>EXPLICA\u00c7\u00c3O PESSOAL</b></p>\r\n<p>Inscritos em explica\u00e7\u00e3o pessoal, usaram da palavra os vereadores Jo\u00e3o Alberto F. da Costa (Hist\u00f3ria Projeto de Lei 5379) e Marcos Ribas (pedidos emendas).</p>\r\n<p><b>PALAVRA DO PRESIDENTE</b></p>\r\n<p>O presidente vereador Domingos Everaldo Kuhn, antes de encerrar a sess\u00e3o, relatou sobre a visita \u00e0 C\u00e2mara Municipal de S\u00e3o Jos\u00e9 dos Pinhais juntamente com os membros do Programa Parlamento Jovem, ressaltando a import\u00e2ncia da implanta\u00e7\u00e3o desse programa para os jovens.\u00a0</p>\r\n<p>Finalizando sua fala, lembrou-os que no dia 24/10, \u00e0s 14 horas, ser\u00e1 realizada palestra da Escola do Legislativo, tendo como palestrante Eduardo Guimar\u00e3es Kalinoski, Vereador e Ex-Presidente da Autarquia Municipal de Tr\u00e2nsito do Munic\u00edpio de Ponta Grossa \u2013 PR, com o tema \u201cMOBILIDADE URBANA\u201d. <b>\u00a0</b></p>\r\n<p><b>\u00a0</b></p>\r\n<p><b>A pr\u00f3xima sess\u00e3o ordin\u00e1ria estar\u00e1 acontecendo na ter\u00e7a-feira (29/10), no hor\u00e1rio regimental de 19 horas, sendo que todos ter\u00e3o acesso \u00e0 convoca\u00e7\u00e3o da Ordem do Dia no site oficial da C\u00e2mara Municipal (<a href=\"http://www.palmeira.pr.leg.br/\">www.palmeira.pr.leg.br</a>).</b></p>", "author_name": "mariane", "version": "1.0", "author_url": "https://www.palmeira.pr.leg.br/author/mariane", "provider_name": "C\u00e2mara Municipal de Palmeira", "type": "rich"}