{"provider_url": "https://www.palmeira.pr.leg.br", "title": "34\u00aa Sess\u00e3o Ordin\u00e1ria", "html": "<p>Nesta ter\u00e7a-feira (21/09) aconteceu na sede da C\u00e2mara Municipal de Palmeira, a trig\u00e9sima quarta Sess\u00e3o Ordin\u00e1ria de 2021, tendo registrado a presen\u00e7a de todos os vereadores. </p>\r\n<p><b>EXPEDIENTE <br /></b></p>\r\n<p>No expediente da Sess\u00e3o foram lidos 03 Indica\u00e7\u00f5es, 03 Requerimentos e 01 Projeto de Decreto Legislativo. \u00a0</p>\r\n<p>Usaram a tribuna para pronunciamentos os vereadores Joslei Sequineli (Preocupa\u00e7\u00e3o com a seguran\u00e7a nas escolas), Rog\u00e9rio Czelusniak (Posto de Sa\u00fade), Odair Sanson J\u00fanior (A Pra\u00e7a n\u00e3o \u00e9 nossa) e Vane (C\u00e2meras de seguran\u00e7a na pra\u00e7a e rua Concei\u00e7\u00e3o).<b> <br /></b></p>\r\n<p><b>ORDEM DO DIA</b> </p>\r\n<p>Em discuss\u00e3o \u00fanica foram aprovadas as Indica\u00e7\u00f5es 242 a 247/2021, e os Requerimentos 107 a 110/2021.</p>\r\n<p>Em 1\u00aa discuss\u00e3o foram aprovados os Projetos de Lei 5753, 5754, 5755, 5756, 5757, 5759, 5761 e 5762/2021. </p>\r\n<p><b>PALAVRA DO PRESIDENTE</b> </p>\r\n<p>O presidente vereador Egon Krambeck, antes de encerrar a sess\u00e3o, lembrou os demais vereadores que no dia 24 de setembro, \u00e0s 8 horas e 30 minutos, ser\u00e1 realizada reuni\u00e3o com o Poder Executivo Municipal, no audit\u00f3rio da Central de Atendimento ao Cidad\u00e3o, que ter\u00e1 como foco a busca de solu\u00e7\u00f5es urgentes para a seguran\u00e7a e bem-estar dos mun\u00edcipes nos espa\u00e7os p\u00fablicos do munic\u00edpio, tendo em vista os recentes atos de viol\u00eancia e vandalismo ocorridos na Pra\u00e7a Marechal Floriano Peixoto.</p>\r\n<p>Tamb\u00e9m lembrou que no dia 24 de setembro ser\u00e1 realizado o evento \u201cVisita Mediada \u2013 piloto de roteiro tur\u00edstico\u201d, que consiste na vista guiada ao Museu Cemit\u00e9rio de Palmeira, Capela do Bom Jesus e Museu Hist\u00f3rico de Palmeira.</p>\r\n<p>Finalizando sua fala, registrou que no dia 28 de setembro, \u00e0s 15 horas, ser\u00e1 realizada Audi\u00eancia P\u00fablica para demonstra\u00e7\u00e3o e avalia\u00e7\u00e3o das metas fiscais do Poder Executivo referentes ao 2\u00ba quadrimestre de 2021. </p>\r\n<p><b>A pr\u00f3xima sess\u00e3o ordin\u00e1ria acontecer\u00e1 na ter\u00e7a-feira (28/09), no hor\u00e1rio regimental de 19 horas, sendo que todos ter\u00e3o acesso \u00e0 convoca\u00e7\u00e3o da Ordem do Dia no site oficial da C\u00e2mara Municipal (</b><a href=\"http://www.palmeira.pr.leg.br/\"><b>www.palmeira.pr.leg.br</b></a><b>).</b></p>", "author_name": "", "version": "1.0", "author_url": "https://www.palmeira.pr.leg.br/author/ivano", "provider_name": "C\u00e2mara Municipal de Palmeira", "type": "rich"}