{"provider_url": "https://www.palmeira.pr.leg.br", "title": "32\u00aa Sess\u00e3o Ordin\u00e1ria ", "html": "<p>Nesta quarta-feira (08/09) aconteceu na sede da C\u00e2mara Municipal de Palmeira, a trig\u00e9sima segunda Sess\u00e3o Ordin\u00e1ria de 2021, tendo registrado a presen\u00e7a de todos os vereadores. </p>\r\n<p><b>EXPEDIENTE <br /></b></p>\r\n<p>No expediente da Sess\u00e3o foram lidos 08 Indica\u00e7\u00f5es e 02 Requerimentos.</p>\r\n<p>Usaram a tribuna para pronunciamentos os vereadores Joslei Sequineli (Sa\u00fade P\u00fablica), Rog\u00e9rio Czelusniak (Posto de Sa\u00fade) e Odair Sanson J\u00fanior (Liberdade e Presta\u00e7\u00e3o de Contas).<b> <br /></b></p>\r\n<p><b>ORDEM DO DIA</b> </p>\r\n<p>Em discuss\u00e3o \u00fanica foram aprovadas a Indica\u00e7\u00e3o 233/2021, e os Requerimentos 103 e 104/2021.</p>\r\n<p>Em 1\u00aa discuss\u00e3o foram aprovados os Projetos de Lei 5748, 5749, 5750 e 5751/2021. </p>\r\n<p><b>EXPLICA\u00c7\u00c3O PESSOAL <br /></b></p>\r\n<p>Inscrito em explica\u00e7\u00e3o pessoal, usou da palavra o vereador Odair Sanson J\u00fanior (Reuni\u00e3o com Prefeito). </p>\r\n<p><b>PALAVRA DO PRESIDENTE</b> </p>\r\n<p>O presidente vereador Egon Krambeck, antes de encerrar a sess\u00e3o, disponibilizou para os demais vereadores a Presta\u00e7\u00e3o de Contas do Legislativo referente ao m\u00eas de agosto/2021.</p>\r\n<p>Encerrando sua fala, ratificou a posi\u00e7\u00e3o do vereador Odair Sanson J\u00fanior que em explica\u00e7\u00e3o pessoal lembrou os vereadores da reuni\u00e3o com o Prefeito Municipal.\u00a0 </p>\r\n<p><b>A pr\u00f3xima sess\u00e3o ordin\u00e1ria acontecer\u00e1 na ter\u00e7a-feira (14/09), no hor\u00e1rio regimental de 19 horas, sendo que todos ter\u00e3o acesso \u00e0 convoca\u00e7\u00e3o da Ordem do Dia no site oficial da C\u00e2mara Municipal (</b><a href=\"http://www.palmeira.pr.leg.br/\"><b>www.palmeira.pr.leg.br</b></a><b>).</b></p>\r\n<p>\u00a0</p>\r\n<p>\u00a0</p>", "author_name": "", "version": "1.0", "author_url": "https://www.palmeira.pr.leg.br/author/ivano", "provider_name": "C\u00e2mara Municipal de Palmeira", "type": "rich"}