{"provider_url": "https://www.palmeira.pr.leg.br", "title": "2\u00aa Sess\u00e3o Ordin\u00e1ria", "html": "<p>Nesta ter\u00e7a-feira (11/02) aconteceu na sede da C\u00e2mara Municipal de Palmeira, a segunda Sess\u00e3o Ordin\u00e1ria de 2025, tendo registrado a presen\u00e7a de todos os vereadores. </p>\r\n<p><b>EXPEDIENTE <br /></b></p>\r\n<p>No expediente da Sess\u00e3o foram lidos 04 Projetos de Lei, 01 Emenda a Projeto de Resolu\u00e7\u00e3o, 01 Requerimento e 11 Indica\u00e7\u00f5es.</p>\r\n<p>Usou a tribuna para pronunciamento o vereador Irm\u00e3o Fabiano (Recurso).<b> <br /></b></p>\r\n<p><b>ORDEM DO DIA</b> </p>\r\n<p>Em discuss\u00e3o \u00fanica foram aprovados os Requerimentos 1 a 3/2025, as Indica\u00e7\u00f5es 1 a 29/2025 e a Emenda Modificativa n\u00ba 1 ao Projeto de Resolu\u00e7\u00e3o 172/2025. </p>\r\n<p><b>EXPLICA\u00c7\u00c3O PESSOAL <br /></b></p>\r\n<p>Inscritos em explica\u00e7\u00e3o pessoal, usaram da palavra os vereadores Jo\u00e3o Savi (Cons\u00f3rcio Tibagi) e Sargento Gaio (Cia. Independente da Policia Militar). </p>\r\n<p><b>A pr\u00f3xima sess\u00e3o ordin\u00e1ria acontecer\u00e1 na ter\u00e7a-feira (18/02), no hor\u00e1rio regimental de 19 horas, sendo que todos ter\u00e3o acesso \u00e0 convoca\u00e7\u00e3o da Ordem do Dia no site oficial da C\u00e2mara Municipal (<a href=\"http://www.palmeira.pr.leg.br/\">www.palmeira.pr.leg.br</a>).</b></p>", "author_name": "", "version": "1.0", "author_url": "https://www.palmeira.pr.leg.br/author/ivano", "provider_name": "C\u00e2mara Municipal de Palmeira", "type": "rich"}