{"provider_url": "https://www.palmeira.pr.leg.br", "title": "2\u00aa Sess\u00e3o Ordin\u00e1ria", "html": "<p>Nesta ter\u00e7a-feira (14/02) aconteceu na sede da C\u00e2mara Municipal de Palmeira, a segunda Sess\u00e3o Ordin\u00e1ria de 2023, tendo registrado a presen\u00e7a de todos os vereadores. </p>\r\n<p><b>EXPEDIENTE <br /></b></p>\r\n<p>No expediente da Sess\u00e3o foram lidos 07 Indica\u00e7\u00f5es, 01 Requerimento, 01 Emenda a Projeto de Lei, 01 Substitutivo a Projeto de Lei e 06 Projetos de Lei.</p>\r\n<p>Usaram a tribuna para pronunciamentos os vereadores Vaguinho (Posto de Sa\u00fade de Santa B\u00e1rbara) e Marcel Pietralla (Projeto de Lei 5983).<b> <br /></b></p>\r\n<p><b>ORDEM DO DIA</b> </p>\r\n<p>Em discuss\u00e3o \u00fanica foram aprovados o Requerimento 1/2023, e as Indica\u00e7\u00f5es 1 a 7/2023.</p>\r\n<p>Em 2\u00aa discuss\u00e3o foram aprovados os Projetos de Lei 5967/2022 e 5985/2022.</p>\r\n<p>Em 1\u00aa discuss\u00e3o foram aprovados os Projetos de Lei 5998/2022, 5999/2023, 6000/2023, 6001/2023, 6002/2023, 6003/2023, 6004/2023, 6005/2023, 6006/2023, 6007/2023, 6008/2023, 6009/2023 e 6010/2023.</p>\r\n<p>J\u00e1 o Projeto de Lei 5983/2022 foi retirado da pauta de vota\u00e7\u00f5es em virtude da apresenta\u00e7\u00e3o da Emenda Supressiva protocolada sob o n\u00ba 62/2023. </p>\r\n<p><b>EXPLICA\u00c7\u00c3O PESSOAL <br /></b></p>\r\n<p>Inscrito em explica\u00e7\u00e3o pessoal, usaram da palavra os vereadores Lucas dos Santos (SAMU), Egon Krambeck (PL 5983) e Marcel Pietralla (Posto de Sa\u00fade da Santa B\u00e1rbara).\u00a0 </p>\r\n<p><b>PALAVRA DO PRESIDENTE</b> </p>\r\n<p>O presidente vereador Odair Sanson J\u00fanior, antes de encerrar a sess\u00e3o, discorreu sobre o CEAD \u2013 Centro Especializado de Atendimento \u00e0 Diversidade, elogiando nominalmente todos os respons\u00e1veis pela iniciativa.</p>\r\n<p>Tamb\u00e9m convocou os vereadores para Sess\u00e3o Extraordin\u00e1ria no dia 20 de fevereiro \u00e0s 19 horas, para 1\u00aa discuss\u00e3o e vota\u00e7\u00e3o dos projetos de Lei 6011, 6015 e 6016/2023.</p>\r\n<p>Encerrando sua fala, solicitou \u00e0 assessoria da casa que encaminhe of\u00edcios aos \u00f3rg\u00e3os respons\u00e1veis pelo SAMU no Estado do Paran\u00e1 e em Palmeira, requerendo explica\u00e7\u00f5es sobre a situa\u00e7\u00e3o desse servi\u00e7o no munic\u00edpio e a veracidade dos relatos de que ser\u00e1 encerrado. </p>\r\n<p><b>A pr\u00f3xima sess\u00e3o ordin\u00e1ria acontecer\u00e1 na quarta-feira (22/02), no hor\u00e1rio regimental de 19 horas, sendo que todos ter\u00e3o acesso \u00e0 convoca\u00e7\u00e3o da Ordem do Dia no site oficial da C\u00e2mara Municipal (</b><a href=\"http://www.palmeira.pr.leg.br/\"><b>www.palmeira.pr.leg.br</b></a><b>).</b></p>\r\n<p>\u00a0</p>", "author_name": "", "version": "1.0", "author_url": "https://www.palmeira.pr.leg.br/author/ivano", "provider_name": "C\u00e2mara Municipal de Palmeira", "type": "rich"}