{"provider_url": "https://www.palmeira.pr.leg.br", "title": "2\u00aa Sess\u00e3o Ordin\u00e1ria", "html": "<p>Nesta ter\u00e7a-feira (9/02) aconteceu na sede da C\u00e2mara Municipal de Palmeira, a segunda Sess\u00e3o Ordin\u00e1ria de 2021, tendo registrado a presen\u00e7a de todos os vereadores. </p>\r\n<p><b>EXPEDIENTE <br /></b></p>\r\n<p>No expediente da Sess\u00e3o foram lidos 05 Projetos de Lei, 01 Emenda, 05 Requerimentos e 04 Indica\u00e7\u00f5es.</p>\r\n<p>Usou a tribuna para pronunciamento o vereador Vane (Projeto de Lei 5.635).<b> <br /></b></p>\r\n<p><b>ORDEM DO DIA</b> </p>\r\n<p>Em discuss\u00e3o \u00fanica foram aprovados os Requerimentos 1, 2, 3, e 6/2021, e as Indica\u00e7\u00f5es 1, 2, 3 e 4/2021.</p>\r\n<p>Em 1\u00aa discuss\u00e3o foram aprovados os Projetos de Lei 5623, 5624, 5625, 5626, 5627, 5628, 5629, 5630, 5631, 5632, 5633, 5634 e 5635/2021. </p>\r\n<p><b>EXPLICA\u00c7\u00c3O PESSOAL <br /></b></p>\r\n<p>Inscrito em explica\u00e7\u00e3o pessoal, usou da palavra o vereador Marcel Pietralla (Al\u00edquota Previdenci\u00e1ria). </p>\r\n<p><b>PALAVRA DO PRESIDENTE</b> </p>\r\n<p>O presidente vereador Egon Krambeck, antes de encerrar a sess\u00e3o, disponibilizou para os vereadores a Presta\u00e7\u00e3o de Contas da C\u00e2mara Municipal referente ao m\u00eas de janeiro/2021.</p>\r\n<p>Ainda emitiu a sua posi\u00e7\u00e3o com rela\u00e7\u00e3o ao Projeto de Lei 5.635. Disse que essa situa\u00e7\u00e3o iniciou em 2020 e atinge a todos nesse momento, e que \u00e9 uma realidade e uma situa\u00e7\u00e3o sem alternativa. Disse tamb\u00e9m que foram solicitados pelo sindicado para conversa, esse representando todo corpo de servidores municipal, e que houve um princ\u00edpio de entendimento.</p>\r\n<p>Finalizando sua fala, relatou que de comum acordo, o Poder Executivo comprometeu-se em criar uma comiss\u00e3o quadripartite para estudar a possibilidade de uma tabela progressiva, e ainda que o prefeito dever\u00e1 achar uma solu\u00e7\u00e3o para a total transpar\u00eancia da situa\u00e7\u00e3o aos servidores municipais. </p>\r\n<p><b>A pr\u00f3xima sess\u00e3o ordin\u00e1ria acontecer\u00e1 na ter\u00e7a-feira (16/02), no hor\u00e1rio regimental de 19 horas, sendo que todos ter\u00e3o acesso \u00e0 convoca\u00e7\u00e3o da Ordem do Dia no site oficial da C\u00e2mara Municipal (<a href=\"http://www.palmeira.pr.leg.br/\">www.palmeira.pr.leg.br</a>).</b></p>", "author_name": "", "version": "1.0", "author_url": "https://www.palmeira.pr.leg.br/author/ivano", "provider_name": "C\u00e2mara Municipal de Palmeira", "type": "rich"}