{"provider_url": "https://www.palmeira.pr.leg.br", "title": "2\u00aa Sess\u00e3o Ordin\u00e1ria", "html": "<p>Nesta ter\u00e7a-feira (12/02) aconteceu na sede da C\u00e2mara Municipal de Palmeira, a segunda Sess\u00e3o Ordin\u00e1ria de 2019, tendo registrado a presen\u00e7a de todos os vereadores.\u00a0 </p>\r\n<p><b>EXPEDIENTE <br /></b></p>\r\n<p>No expediente da sess\u00e3o foram lidos 07 Requerimentos, 05 Projetos de Lei e 01 Emenda.</p>\r\n<p>Usaram a tribuna para pronunciamentos os vereadores Denis Sanson (Estradas / Reajuste), Jo\u00e3o Alberto F. da Costa (Requerimento 92/2019) e Anselmo H. Os\u00f3rio (Contato Deputados).\u00a0\u00a0\u00a0\u00a0\u00a0\u00a0\u00a0\u00a0\u00a0\u00a0\u00a0\u00a0\u00a0\u00a0\u00a0\u00a0\u00a0\u00a0\u00a0 </p>\r\n<p><b>ORDEM DO DIA <br /></b></p>\r\n<p>Em discuss\u00e3o \u00fanica foram aprovados os Requerimentos 033, 034, 035, 036, as Indica\u00e7\u00f5es 01, 02/2019, e a Emenda protocolada sob n\u00ba 37/2019. \u00a0</p>\r\n<p>Em 1\u00aa discuss\u00e3o foram aprovados os Projetos de Lei 5190, 5191, 5192, 5193, 5194, 5195, 5196, 5197, 5198, 5199, 5200, 5201, 5202, 5203, 5206, 5207, 5208, 5209, 5210, 5211, 5213, 5214 e 5215.</p>\r\n<p>O Projeto de Lei 5205 teve aprovado requerimento de adiamento de discuss\u00e3o pelo prazo de 15 dias, formulado pelo vereador Jo\u00e3o Alberto F. da Costa. </p>\r\n<p><b>EXPLICA\u00c7\u00c3O PESSOAL <br /></b></p>\r\n<p>Inscritos em explica\u00e7\u00e3o pessoal, usaram da palavra os vereadores Jo\u00e3o Alberto (Projeto Empregados P\u00fablico), Anselmo H. Os\u00f3rio (Projeto de Lei 5205/adiamento), Marcos Ribas (Fundo Partid\u00e1rio) e Denis Sanson (Projeto de Lei 5215). </p>\r\n<p><b>PALAVRA DO PRESIDENTE</b> </p>\r\n<p>O presidente vereador Domingos Everaldo Kuhn, antes de encerrar a sess\u00e3o, fez a entrega aos senhores vereadores da Presta\u00e7\u00e3o de Contas do Legislativo referente ao m\u00eas de janeiro/2019.</p>\r\n<p>Elogiou o vereador Pastor Anselmo H. Os\u00f3rio, ex-presidente do legislativo, pela disponibiliza\u00e7\u00e3o aos vereadores de gabinetes para atenderem a popula\u00e7\u00e3o, exaltando a possibilidade que agora a popula\u00e7\u00e3o tem de ter um espa\u00e7o para conversa com o seu vereador.</p>\r\n<p>Disse que durante o tempo que permanecer na presid\u00eancia da Mesa Executiva da C\u00e2mara Municipal far\u00e1 cumprir o Regimento Interno.</p>\r\n<p>Finalizando sua fala, discorreu sobre a denomina\u00e7\u00e3o da pra\u00e7a da Col\u00f4nia Francesa. </p>\r\n<p><b>A pr\u00f3xima sess\u00e3o ordin\u00e1ria \u00a0estar\u00e1 acontecendo na ter\u00e7a-feira (19/02), no hor\u00e1rio regimental de 19 horas, sendo que todos ter\u00e3o acesso \u00e0 convoca\u00e7\u00e3o da Ordem do Dia no site oficial da C\u00e2mara Municipal (<a href=\"http://www.palmeira.pr.leg.br/\">www.palmeira.pr.leg.br</a>).</b></p>", "author_name": "", "version": "1.0", "author_url": "https://www.palmeira.pr.leg.br/author/ivano", "provider_name": "C\u00e2mara Municipal de Palmeira", "type": "rich"}