{"provider_url": "https://www.palmeira.pr.leg.br", "title": "2\u00aa Sess\u00e3o Ordin\u00e1ria", "html": "<p>Nesta quarta-feira (14/02) aconteceu na sede da C\u00e2mara Municipal de Palmeira, a segunda Sess\u00e3o Ordin\u00e1ria de 2018, tendo registrado a presen\u00e7a de todos os vereadores.\u00a0 </p>\r\n<p><b>EXPEDIENTE <br /></b></p>\r\n<p>No expediente da sess\u00e3o foram lidos 03 Requerimentos e 01 Projeto de Lei.\u00a0\u00a0\u00a0\u00a0\u00a0\u00a0\u00a0\u00a0\u00a0\u00a0\u00a0\u00a0\u00a0\u00a0\u00a0\u00a0\u00a0\u00a0\u00a0 </p>\r\n<p><b>ORDEM DO DIA <br /></b></p>\r\n<p>Em discuss\u00e3o \u00fanica foram aprovados os Requerimentos 097, 098, 099, e a Indica\u00e7\u00e3o 001/18.</p>\r\n<p>Em 1\u00aa discuss\u00e3o foram aprovados os Projetos de Lei 4878, 4957, 4959, 4960, 4961, 4962, 4963, 4964, 4965, 4966, 4967, 4968, 4969 e 4970.\u00a0\u00a0 </p>\r\n<p><b>A pr\u00f3xima sess\u00e3o ordin\u00e1ria, estar\u00e1 acontecendo na pr\u00f3xima ter\u00e7a-feira (20/02), no hor\u00e1rio regimental de 19 horas, sendo que todos ter\u00e3o acesso \u00e0 convoca\u00e7\u00e3o da Ordem do Dia no site oficial da C\u00e2mara Municipal (<a href=\"https://www.palmeira.pr.leg.br/\">www.palmeira.pr.leg.br</a>).</b></p>", "author_name": "", "version": "1.0", "author_url": "https://www.palmeira.pr.leg.br/author/ivano", "provider_name": "C\u00e2mara Municipal de Palmeira", "type": "rich"}