{"provider_url": "https://www.palmeira.pr.leg.br", "title": "2\u00aa sess\u00e3o ordin\u00e1ria", "html": "<p style=\"text-align: left; \">Na \u00faltima ter\u00e7a-feira (14) aconteceu na sede da C\u00e2mara Municipal de Palmeira, a segunda sess\u00e3o ordin\u00e1ria de 2017 que registrou a presen\u00e7a de todos os vereadores.</p>\r\n<p style=\"text-align: left; \"><strong>Expediente</strong></p>\r\n<p style=\"text-align: left; \">No expediente da sess\u00e3o foram lidos 12 projetos de leis, sendo que os mesmos foram encaminhados para as comiss\u00f5es permanentes para an\u00e1lises e pareceres. Tamb\u00e9m foram lidos 01 requerimento e 12 indica\u00e7\u00f5es.</p>\r\n<p style=\"text-align: left; \">Fizeram uso da tribuna os vereadores Marcos Ribas (Crise de Valores) e Jo\u00e3o Alberto Ferreira da Costa (Obriga\u00e7\u00f5es do Poder P\u00fablico).</p>\r\n<p style=\"text-align: left; \"><strong>Ordem do dia</strong></p>\r\n<p style=\"text-align: left; \">Em discuss\u00e3o \u00fanica foram aprovados 04 indica\u00e7\u00f5es e 03 requerimentos.</p>\r\n<p style=\"text-align: left; \">Em 1\u00aa discuss\u00e3o e por unanimidade de votos foram aprovados os projetos de leis 4612, 4613, 4614, 4615, 4616, 4617, 4618 e 4620, projeto de decreto legislativo 694, projeto de resolu\u00e7\u00e3o 120 e projeto de emenda 023 \u00e0 lei org\u00e2nica.</p>\r\n<p style=\"text-align: left; \"><strong>Explica\u00e7\u00e3o pessoal</strong></p>\r\n<p style=\"text-align: left; \">Inscrito em explica\u00e7\u00e3o pessoal, usou da palavra o vereador Marcos Ribas (visita ao secret\u00e1rio-chefe da Casa Civil do Estado do Paran\u00e1).</p>\r\n<p style=\"text-align: left; \">O presidente da mesa executiva, vereador Pastor Anselmo, antes de encerrar a sess\u00e3o, convocou os vereadores para sess\u00e3o extraordin\u00e1ria que estar\u00e1 acontecendo na quinta feira (16/02), \u00e0s 19 horas, para aprecia\u00e7\u00e3o em segunda discuss\u00e3o dos projetos de lei 4613 e 4620.</p>\r\n<p style=\"text-align: left; \">Tamb\u00e9m saudou com alegria os presentes e convidou-os para sempre se fazerem presentes nas sess\u00f5es. Registrou que com a companhia do secret\u00e1rio de assist\u00eancia social, cidadania e direitos humanos, M\u00e1rio Wieczorek, estiveram em visita na Assembleia Legislativa do Estado do Paran\u00e1, visitando alguns deputados buscando benef\u00edcios ao nosso munic\u00edpio. Disse tamb\u00e9m que com rala\u00e7\u00e3o \u00e0 dire\u00e7\u00e3o do Col\u00e9gio de Witmarsum est\u00e1 ouvindo os mun\u00edcipes e buscando um bom denominador. Finalizando disse estar feliz ao encerrar a sess\u00e3o, principalmente pelo comportamento participativo dos vereadores, fazendo assim a boa pol\u00edtica.\u00a0</p>\r\n<p style=\"text-align: left; \">A pr\u00f3xima sess\u00e3o ordin\u00e1ria estar\u00e1 acontecendo na pr\u00f3xima ter\u00e7a feira (21/02), no hor\u00e1rio regimental de 19 horas, sendo que todos ter\u00e3o acesso \u00e0 convoca\u00e7\u00e3o da ordem do dia no site oficial da C\u00e2mara Municipal.</p>", "author_name": "", "version": "1.0", "author_url": "https://www.palmeira.pr.leg.br/author/cmpalmeira", "provider_name": "C\u00e2mara Municipal de Palmeira", "type": "rich"}