{"provider_url": "https://www.palmeira.pr.leg.br", "title": "21\u00aa Sess\u00e3o Ordin\u00e1ria", "html": "<p>Nesta ter\u00e7a-feira (25/06), aconteceu na sede da C\u00e2mara Municipal de Palmeira, a vig\u00e9sima primeira Sess\u00e3o Ordin\u00e1ria de 2024, tendo registrado a presen\u00e7a de todos os vereadores. </p>\r\n<p><b>EXPEDIENTE <br /></b></p>\r\n<p>No expediente da Sess\u00e3o foram lidos 01 Indica\u00e7\u00e3o, 02 Requerimentos, 01 Emenda a Projeto de Lei, 04 Projetos de Lei, e 01 Presta\u00e7\u00e3o de Contas do Munic\u00edpio.<b> <br /></b></p>\r\n<p><b>ORDEM DO DIA</b> </p>\r\n<p>Em discuss\u00e3o \u00fanica foram aprovados as Indica\u00e7\u00f5es 57 a 60/2024, os Requerimentos 56 e 58/2024, e a Emenda ao Projeto de Lei 6333/2024. \u00a0\u00a0</p>\r\n<p>Em 2\u00aa discuss\u00e3o foram aprovados os Projetos de Lei 6265/2024, 6315/2024, 6326/2024, 6327/2024, 6329/2024 e 6330/2024.</p>\r\n<p>Em 1\u00aa discuss\u00e3o foram aprovados os Projetos de Lei 6328/2024 e 6331/2024. </p>\r\n<p><b>A pr\u00f3xima sess\u00e3o ordin\u00e1ria acontecer\u00e1 na ter\u00e7a-feira (02/07), no hor\u00e1rio regimental de 19 horas, sendo que todos ter\u00e3o acesso \u00e0 convoca\u00e7\u00e3o da Ordem do Dia no site oficial da C\u00e2mara Municipal (</b><a href=\"http://www.palmeira.pr.leg.br/\"><b>www.palmeira.pr.leg.br</b></a><b>).</b></p>\r\n<p>\u00a0</p>", "author_name": "", "version": "1.0", "author_url": "https://www.palmeira.pr.leg.br/author/ivano", "provider_name": "C\u00e2mara Municipal de Palmeira", "type": "rich"}