{"provider_url": "https://www.palmeira.pr.leg.br", "title": "21\u00aa Sess\u00e3o Ordin\u00e1ria", "html": "<p>Nesta ter\u00e7a-feira (01/09) aconteceu na sede da C\u00e2mara Municipal de Palmeira, a vig\u00e9sima primeira Sess\u00e3o Ordin\u00e1ria de 2020, tendo registrado a aus\u00eancia do vereador Arildo Santos Zaleski. </p>\r\n<p><b>EXPEDIENTE <br /></b></p>\r\n<p>No expediente da Sess\u00e3o foram lidos 05 Projetos de Lei, 01 Requerimento, 01 Indica\u00e7\u00e3o e 01 Mo\u00e7\u00e3o.<b> <br /></b></p>\r\n<p><b>ORDEM DO DIA</b> </p>\r\n<p>Em discuss\u00e3o \u00fanica foi aprovado o pedido de retirada da pauta de vota\u00e7\u00f5es do Projeto de Lei 5529, e em consequ\u00eancia perdeu o objeto a Emenda Protocolada sob n\u00ba 534/2020. O Requerimento 57/2020 tamb\u00e9m perdeu o objeto devido \u00e0 retirada da pauta de vota\u00e7\u00f5es do Projeto de Lei 5570/2020. Ainda em discuss\u00e3o \u00fanica foram aprovadas as Indica\u00e7\u00f5es 33, 34 e 35/2020.</p>\r\n<p>Em 2\u00aa discuss\u00e3o foram aprovados os Projetos de Lei 5555, 5565, 5566, 5567 e 5569/2020.</p>\r\n<p>Em 1\u00aa discuss\u00e3o foram aprovados os Projetos de Lei 5563, 5571, e o Projeto de Resolu\u00e7\u00e3o 141/2020. O Projeto de Lei 5568 teve aprovado adiamento da discuss\u00e3o pelo prazo de 07 dias. </p>\r\n<p><b>PALAVRA DO PRESIDENTE <br /></b></p>\r\n<p>Antes do encerramento da sess\u00e3o, o Presidente do Legislativo Municipal agradeceu \u00e0 APAE pelo encaminhamento da cesta de caf\u00e9 \u00e0 C\u00e2mara Municipal e aproveitou a oportunidade para destacar o importante trabalho social realizado pela entidade.</p>\r\n<p>Finalizando sua fala, agradeceu aos demais vereadores pela aprova\u00e7\u00e3o do Projeto de Lei 5555/2020 de sua autoria, que denominou Jos\u00e9 Casemiro Wansovicz o Pr\u00e9dio da C\u00e2mara Municipal de Palmeira, sendo essa uma justa homenagem \u00e0 uma pessoa honesta, dedicada, e que durante 37 anos trabalhou no Legislativo Palmeirense. Dessa forma o mestre Zuza estar\u00e1 eternizado na hist\u00f3ria da C\u00e2mara Municipal de Palmeira.\u00a0\u00a0 </p>\r\n<p><b>A pr\u00f3xima sess\u00e3o ordin\u00e1ria acontecer\u00e1 na ter\u00e7a-feira (08/09), no hor\u00e1rio regimental de 19 horas, sendo que todos ter\u00e3o acesso \u00e0 convoca\u00e7\u00e3o da Ordem do Dia no site oficial da C\u00e2mara Municipal (<a href=\"http://www.palmeira.pr.leg.br/\">www.palmeira.pr.leg.br</a>).</b></p>", "author_name": "", "version": "1.0", "author_url": "https://www.palmeira.pr.leg.br/author/ivano", "provider_name": "C\u00e2mara Municipal de Palmeira", "type": "rich"}