{"provider_url": "https://www.palmeira.pr.leg.br", "title": "20\u00aa Sess\u00e3o Ordin\u00e1ria", "html": "<p>Nesta ter\u00e7a-feira (18/06), aconteceu na sede da C\u00e2mara Municipal de Palmeira, a vig\u00e9sima Sess\u00e3o Ordin\u00e1ria de 2024, tendo registrado a presen\u00e7a de todos os vereadores. </p>\r\n<p><b>EXPEDIENTE <br /></b></p>\r\n<p>No expediente da Sess\u00e3o foram lidos 04 Indica\u00e7\u00f5es, 02 Requerimentos, e 07 Projetos de Lei.</p>\r\n<p>Usaram a tribuna para pronunciamentos os vereadores Lucas Santos (Projetos revis\u00e3o salarial) e Marcel Pietralla (Assuntos diversos).\u00a0<b> <br /></b></p>\r\n<p><b>ORDEM DO DIA</b> </p>\r\n<p>Em discuss\u00e3o \u00fanica foram aprovados as Indica\u00e7\u00f5es 54 a 56/2024, e o Anteprojeto de Lei 5/2024. \u00a0</p>\r\n<p>Em 2\u00aa discuss\u00e3o foram aprovados os Projetos de Lei 6320/2024, 6321/2024, 6322/2024, 6324/2024 e 6325/2024.</p>\r\n<p>Em 1\u00aa discuss\u00e3o foram aprovados os Projetos de Lei 6265/2024, 6315/2024, 6326/2024, 6327/2024, 6329/2024 e 6330/2024. </p>\r\n<p><b>EXPLICA\u00c7\u00c3O PESSOAL <br /></b></p>\r\n<p>Inscritos em explica\u00e7\u00e3o pessoal, usaram da palavra os vereadores Marcel Pietralla (Verba pra\u00e7a Rocio II Deputado) e Rog\u00e9rio Czelusniak (Equipara\u00e7\u00e3o salarial). \u00a0 </p>\r\n<p><b>A pr\u00f3xima sess\u00e3o ordin\u00e1ria acontecer\u00e1 na ter\u00e7a-feira (25/06), no hor\u00e1rio regimental de 19 horas, sendo que todos ter\u00e3o acesso \u00e0 convoca\u00e7\u00e3o da Ordem do Dia no site oficial da C\u00e2mara Municipal (</b><a href=\"http://www.palmeira.pr.leg.br/\"><b>www.palmeira.pr.leg.br</b></a><b>).</b></p>\r\n<p>\u00a0</p>", "author_name": "", "version": "1.0", "author_url": "https://www.palmeira.pr.leg.br/author/ivano", "provider_name": "C\u00e2mara Municipal de Palmeira", "type": "rich"}