{"provider_url": "https://www.palmeira.pr.leg.br", "title": "20\u00aa Sess\u00e3o Ordin\u00e1ria", "html": "<p>Nesta ter\u00e7a-feira (25/08) aconteceu na sede da C\u00e2mara Municipal de Palmeira, a vig\u00e9sima Sess\u00e3o Ordin\u00e1ria de 2020, tendo registrado a presen\u00e7a de todos os vereadores.\u00a0\u00a0 </p>\r\n<p><b>EXPEDIENTE <br /></b></p>\r\n<p>No expediente da Sess\u00e3o foram lidos 02 Projetos de Lei, 01 Projeto de Resolu\u00e7\u00e3o, 03 Requerimentos e 03 Indica\u00e7\u00f5es.<b> <br /></b></p>\r\n<p><b>ORDEM DO DIA</b> </p>\r\n<p>Em discuss\u00e3o \u00fanica foram aprovados os Requerimentos 55 e 56/2020, a Indica\u00e7\u00e3o 32/2020, e a Mo\u00e7\u00e3o de Apelo 555/2020.</p>\r\n<p>Em 2\u00aa discuss\u00e3o foram aprovados os Projetos de Lei 5558, 5559/2020 e o Projeto de Resolu\u00e7\u00e3o 140/2020.</p>\r\n<p>Em 1\u00aa discuss\u00e3o foram aprovados os Projetos de Lei 5555, 5565, 5566, 5567 e 5569/2020. </p>\r\n<p><b>EXPLICA\u00c7\u00c3O PESSOAL E PALAVRA DO PRESIDENTE <br /></b></p>\r\n<p>Houve vereador inscrito em explica\u00e7\u00e3o pessoal e, ao final, o Presidente fez uso da palavra. </p>\r\n<p><b>A pr\u00f3xima sess\u00e3o ordin\u00e1ria acontecer\u00e1 na ter\u00e7a-feira (01/09), no hor\u00e1rio regimental de 19 horas, sendo que todos ter\u00e3o acesso \u00e0 convoca\u00e7\u00e3o da Ordem do Dia no site oficial da C\u00e2mara Municipal (<a href=\"http://www.palmeira.pr.leg.br/\">www.palmeira.pr.leg.br</a>).</b></p>", "author_name": "", "version": "1.0", "author_url": "https://www.palmeira.pr.leg.br/author/ivano", "provider_name": "C\u00e2mara Municipal de Palmeira", "type": "rich"}