{"provider_url": "https://www.palmeira.pr.leg.br", "title": "1\u00aa Sess\u00e3o Ordin\u00e1ria", "html": "<p>Nesta ter\u00e7a-feira (04/02) aconteceu na sede da C\u00e2mara Municipal de Palmeira, a primeira Sess\u00e3o Ordin\u00e1ria de 2025, tendo registrado a presen\u00e7a de todos os vereadores, sendo a primeira dirigida pela nova Mesa Executiva presidida pelo Vereador Diego Zanetti. </p>\r\n<p>Iniciando os trabalhos legislativos neste ano de 2025, o presidente Diego Zanetti compartilhou texto do M\u00e1rio Sergio Cortella, dizendo: </p>\r\n<p><i>\u201cDe mim espere trabalho, compromisso e responsabilidade. Espere o melhor que posso ser, mas n\u00e3o espere bajula\u00e7\u00e3o. N\u00e3o sei lamber o ch\u00e3o que algu\u00e9m pisa para conseguir algo, n\u00e3o \u00e9 de mim aplaudir o que n\u00e3o gosto ou o que n\u00e3o concordo, e confesso que j\u00e1 perdi muitas oportunidades por ser assim, mas hoje estou em paz comigo mesmo e \u00e9 isso que importa. Se ser verdadeiro me custou chances, ent\u00e3o foi um pre\u00e7o justo pela minha integridade. N\u00e3o carrego o peso de m\u00e1scaras, nem o fardo de ser o que n\u00e3o sou para agradar os outros. A vida me ensinou que o valor de uma pessoa est\u00e1 em sua ess\u00eancia e n\u00e3o em sua capacidade de agradar, prefiro andar de cabe\u00e7a erguida mesmo que o caminho seja mais solit\u00e1rio do que seguir acompanhado por conveni\u00eancia, mas sufocado pela hipocrisia. A autenticidade n\u00e3o \u00e9 f\u00e1cil, mas \u00e9 libertadora. No final do dia \u00e9 com o meu reflexo no espelho que tenho que conviver, \u00e9 na minha pr\u00f3pria pele que preciso me sentir confort\u00e1vel, aqueles que me conhecem de verdade sabem que meu respeito se conquista, n\u00e3o se compra com falsa gentileza\u201d.</i> </p>\r\n<p><b>EXPEDIENTE <br /></b></p>\r\n<p>No expediente da Sess\u00e3o foram lidos 01 Projeto de Lei, 01 Projeto de Resolu\u00e7\u00e3o, 01 Projeto de Emenda a Lei Org\u00e2nica, 02 Requerimentos e 29 Indica\u00e7\u00f5es.</p>\r\n<p>Usaram a tribuna para pronunciamentos a vereadora Fabiola Mereles (Pronunciamento), e os vereadores Irm\u00e3o Fabiano (Pronunciamento), Sargento Gaio (Elogio) e Jo\u00e3o Savi (Agradecimento).<b> <br /></b></p>\r\n<p><b>ORDEM DO DIA</b> </p>\r\n<p>Na volta do recesso legislativo, nenhuma proposi\u00e7\u00e3o foi pautada na Ordem do Dia. </p>\r\n<p><b>EXPLICA\u00c7\u00c3O PESSOAL <br /></b></p>\r\n<p>Inscritos em explica\u00e7\u00e3o pessoal, usaram da palavra os vereadores Joslei Sequineli (Agradecimento ao Deputado Mauro Moraes) e Lucas Santos (Agradecimentos). </p>\r\n<p><b>PALAVRA DO PRESIDENTE</b> </p>\r\n<p>O presidente vereador Diego Zanetti, antes de encerrar a sess\u00e3o, elogiou as administra\u00e7\u00f5es da C\u00e2mara Municipal que o antecederam, dizendo que as mesmas deixaram o legislativo num \u00edndice de transpar\u00eancia muito pr\u00f3ximo de 100%, por\u00e9m complementou dizendo que seu trabalho ser\u00e1 primado em fortalecer o trabalho e dar condi\u00e7\u00f5es para que todos os vereadores possam desempenhar suas fun\u00e7\u00f5es de forma eficiente, sempre em benef\u00edcio da popula\u00e7\u00e3o, abrindo as portas da C\u00e2mara Municipal para o povo de Palmeira.</p>\r\n<p><b>A pr\u00f3xima sess\u00e3o ordin\u00e1ria acontecer\u00e1 na ter\u00e7a-feira (11/02), no hor\u00e1rio regimental de 19 horas, sendo que todos ter\u00e3o acesso \u00e0 convoca\u00e7\u00e3o da Ordem do Dia no site oficial da C\u00e2mara Municipal (<a href=\"http://www.palmeira.pr.leg.br/\">www.palmeira.pr.leg.br</a>).</b></p>", "author_name": "", "version": "1.0", "author_url": "https://www.palmeira.pr.leg.br/author/ivano", "provider_name": "C\u00e2mara Municipal de Palmeira", "type": "rich"}