{"provider_url": "https://www.palmeira.pr.leg.br", "title": "1\u00aa Sess\u00e3o Ordin\u00e1ria", "html": "<p>Nesta ter\u00e7a-feira (07/02) aconteceu na sede da C\u00e2mara Municipal de Palmeira, a primeira Sess\u00e3o Ordin\u00e1ria de 2023, tendo registrado a presen\u00e7a de todos os vereadores, sendo a primeira dirigida pela nova Mesa Executiva e Presidida pelo Vereador Odair Sanson J\u00fanior. </p>\r\n<p><b>EXPEDIENTE <br /></b></p>\r\n<p>No expediente da Sess\u00e3o foram lidos 07 Indica\u00e7\u00f5es, 01 Requerimento e 12 Projetos de Lei.</p>\r\n<p>Usou a tribuna para pronunciamento o vereador Vane (SAMU).<b> <br /></b></p>\r\n<p><b>ORDEM DO DIA</b> </p>\r\n<p>Em discuss\u00e3o \u00fanica foram aprovados os Requerimentos 121 a 123/2022.</p>\r\n<p>Em 1\u00aa discuss\u00e3o foram aprovados os Projetos de Lei 5967/2022 e 5985/2022. </p>\r\n<p><b>EXPLICA\u00c7\u00c3O PESSOAL <br /></b></p>\r\n<p>Inscrito em explica\u00e7\u00e3o pessoal, usou da palavra o vereador Egon Krambeck (Escolinha de Futebol da Sociedade Esportiva Pinheiral). </p>\r\n<p><b>PALAVRA DO PRESIDENTE</b> </p>\r\n<p>O presidente vereador Odair Sanson J\u00fanior, antes de encerrar a sess\u00e3o, parabenizou a iniciativa da cria\u00e7\u00e3o da Escolinha de Futebol da Sociedade Esportiva Pinheiral, dizendo que Tiago Gross deu o ponta p\u00e9 inicial tendo a ideia, parabenizando ainda os demais dirigentes, pais e integrantes da comunidade de Pinheiral de Baixo.</p>\r\n<p>Na sequ\u00eancia relatou a composi\u00e7\u00e3o da atual diretoria da Sociedade Esportiva Pinheiral.</p>\r\n<p>Finalizando sua fala, comunicou o encaminhamento no e-mail de cada vereador da Presta\u00e7\u00e3o de Contas da C\u00e2mara Municipal referente ao m\u00eas de janeiro de 2023. </p>\r\n<p><b>A pr\u00f3xima sess\u00e3o ordin\u00e1ria acontecer\u00e1 na ter\u00e7a-feira (14/02), no hor\u00e1rio regimental de 19 horas, sendo que todos ter\u00e3o acesso \u00e0 convoca\u00e7\u00e3o da Ordem do Dia no site oficial da C\u00e2mara Municipal (</b><a href=\"http://www.palmeira.pr.leg.br/\"><b>www.palmeira.pr.leg.br</b></a><b>).</b></p>", "author_name": "", "version": "1.0", "author_url": "https://www.palmeira.pr.leg.br/author/ivano", "provider_name": "C\u00e2mara Municipal de Palmeira", "type": "rich"}