{"provider_url": "https://www.palmeira.pr.leg.br", "title": "1\u00aa Sess\u00e3o Ordin\u00e1ria", "html": "<p>Nesta ter\u00e7a-feira (1\u00ba/02) aconteceu na sede da C\u00e2mara Municipal de Palmeira, a primeira Sess\u00e3o Ordin\u00e1ria de 2022, tendo registrado a aus\u00eancia justificada do Vereador Rog\u00e9rio Czelusniak.</p>\r\n<p>Logo no in\u00edcio da sess\u00e3o, o Presidente do Legislativo vereador Egon Krambeck desejou boas vindas aos vereadores e sucesso no in\u00edcio dessa 2\u00ba Sess\u00e3o Legislativa da 18\u00aa Legislatura. </p>\r\n<p><b>EXPEDIENTE <br /></b></p>\r\n<p>No expediente da Sess\u00e3o foram lidos 03 Indica\u00e7\u00f5es e 04 Projetos de Lei.<b> <br /></b></p>\r\n<p><b>ORDEM DO DIA</b> </p>\r\n<p>Em discuss\u00e3o \u00fanica foram aprovados os Requerimentos 1 e 2/2022, e as Indica\u00e7\u00f5es 298 e 299/2021, e 1/2022.</p>\r\n<p>Em 1\u00aa discuss\u00e3o foi aprovado o Projeto de Lei 5809. </p>\r\n<p><b>ELEI\u00c7\u00c3O COMISS\u00c3O DE FISCALIZA\u00c7\u00c3O</b> </p>\r\n<p>Ap\u00f3s a realiza\u00e7\u00e3o da Ordem do Dia, o Sr. Presidente efetivou os procedimentos regimentais para a escolha dos membros da Comiss\u00e3o de Fiscaliza\u00e7\u00e3o, criada pela Resolu\u00e7\u00e3o n\u00ba 41/2021. A escolha decorreu-se dentre os indicados pelos l\u00edderes de cada partido, e conforme o regimento interno deste legislativo, a comiss\u00e3o seria composta por 3 membros eleitos pelo plen\u00e1rio e devendo ser observada a proporcionalidade partid\u00e1ria, sendo que cada vereador tem um limite m\u00e1ximo de participa\u00e7\u00e3o em at\u00e9 3 comiss\u00f5es. </p>\r\n<p>Foram indicados pelos seus respectivos l\u00edderes para comporem a Comiss\u00e3o de Fiscaliza\u00e7\u00e3o os seguintes vereadores: </p>\r\n<p>Pelo PSDB \u2013 Vereador Marcel Pietralla;</p>\r\n<p>Pelo PSL \u2013 Vereador Lucas Santos;</p>\r\n<p>Pelo PATRIOTA \u2013 Vereador Gilberto Rogalski;</p>\r\n<p>Pelo PSD \u2013 Vereador Odair Sanson J\u00fanior. </p>\r\n<p>Realizado o procedimento de escolha, a nova Comiss\u00e3o de Fiscaliza\u00e7\u00e3o ficou assim composta:</p>\r\n<p>Vereadores Lucas Santos, Gilberto Rogalski e Odair Sanson J\u00fanior. </p>\r\n<p><b>PALAVRA DO PRESIDENTE</b> </p>\r\n<p>O presidente vereador Egon Krambeck, antes de encerrar a sess\u00e3o, discorreu sobre o britador que foi adquirido pela prefeitura municipal com recursos da C\u00e2mara Municipal, gra\u00e7as ao entendimento que houve entre os poderes executivo e legislativo, que esse equipamento est\u00e1 operando e produzindo a brita que ir\u00e1 suprir as necessidades das estradas rurais.</p>\r\n<p>Finalizando sua fala, fez men\u00e7\u00e3o ao Ranking de transpar\u00eancia emitido pelo Tribunal de Contas do Estado do Paran\u00e1, onde em 2020 estava na posi\u00e7\u00e3o 117\u00aa, e em 2021 passou para 26\u00aa coloca\u00e7\u00e3o, sendo esse resultado da total transpar\u00eancia da atual administra\u00e7\u00e3o municipal, e do trabalho conjunto com o Observat\u00f3rio Social do Brasil. </p>\r\n<p><b>A pr\u00f3xima sess\u00e3o ordin\u00e1ria acontecer\u00e1 na ter\u00e7a-feira (8/02), no hor\u00e1rio regimental de 19 horas, sendo que todos ter\u00e3o acesso \u00e0 convoca\u00e7\u00e3o da Ordem do Dia no site oficial da C\u00e2mara Municipal (</b><a href=\"http://www.palmeira.pr.leg.br/\"><b>www.palmeira.pr.leg.br</b></a><b>).</b></p>\r\n<p>\u00a0</p>\r\n<p>\u00a0</p>", "author_name": "", "version": "1.0", "author_url": "https://www.palmeira.pr.leg.br/author/ivano", "provider_name": "C\u00e2mara Municipal de Palmeira", "type": "rich"}