{"provider_url": "https://www.palmeira.pr.leg.br", "title": "1\u00aa Sess\u00e3o Ordin\u00e1ria", "html": "<p>Nesta ter\u00e7a-feira (02/02) aconteceu na sede da C\u00e2mara Municipal de Palmeira, a primeira Sess\u00e3o Ordin\u00e1ria de 2021, tendo registrado a presen\u00e7a de todos os vereadores, sendo a primeira dirigida pela nova Mesa Executiva presidida pelo Vereador Egon Krambeck. </p>\r\n<p><b>EXPEDIENTE <br /></b></p>\r\n<p>No expediente da Sess\u00e3o foram lidos 14 Projetos de Lei, 03 Requerimentos e 04 Indica\u00e7\u00f5es.</p>\r\n<p>Usou a tribuna para pronunciamento o vereador Marcel Pietralla (Agradecimentos e desejo de boa sorte).<b> <br /></b></p>\r\n<p><b>ORDEM DO DIA</b> </p>\r\n<p>Na volta do recesso legislativo, nenhuma proposi\u00e7\u00e3o foi pautada na Ordem do Dia. </p>\r\n<p><b>PALAVRA DO PRESIDENTE</b> </p>\r\n<p>O presidente vereador Egon Krambeck, antes de encerrar a sess\u00e3o, lembrou aos vereadores que na quarta-feira (03) ser\u00e1 realizada palestra da Escola do Legislativo com o tema \u201cNo\u00e7\u00f5es B\u00e1sicas e Procedimentais dos Projetos de Lei\u201d.</p>\r\n<p>Aproveitando a sua fala, disse do seu contentamento de ver uma C\u00e2mara renovada e com um potencial bastante grande, dizendo ser um grupo de vereadores muito s\u00f3lido. Tamb\u00e9m exaltou a fala do vereador Marcel que no seu pronunciamento afirmou que o objetivo primordial do trabalho dos vereadores \u00e9 a popula\u00e7\u00e3o, e que devemos exercer a pol\u00edtica de resultados.</p>\r\n<p>Finalizando a sua fala, confirmou que o \u00fanico e maior objetivo \u00e9 a popula\u00e7\u00e3o de Palmeira, e que o trabalho deve ser com postura positiva e produtiva, e que o Legislativo \u00e9 um poder soberano. </p>\r\n<p><b>A pr\u00f3xima sess\u00e3o ordin\u00e1ria acontecer\u00e1 na ter\u00e7a-feira (9/02), no hor\u00e1rio regimental de 19 horas, sendo que todos ter\u00e3o acesso \u00e0 convoca\u00e7\u00e3o da Ordem do Dia no site oficial da C\u00e2mara Municipal (<a href=\"http://www.palmeira.pr.leg.br/\">www.palmeira.pr.leg.br</a>).</b></p>", "author_name": "", "version": "1.0", "author_url": "https://www.palmeira.pr.leg.br/author/ivano", "provider_name": "C\u00e2mara Municipal de Palmeira", "type": "rich"}