{"provider_url": "https://www.palmeira.pr.leg.br", "title": "1\u00aa Sess\u00e3o Ordin\u00e1ria", "html": "<p>Nesta ter\u00e7a-feira (05/02) aconteceu na sede da C\u00e2mara Municipal de Palmeira, a primeira Sess\u00e3o Ordin\u00e1ria de 2019, tendo registrado a aus\u00eancia justificada do vereador Denis Sanson.\u00a0 </p>\r\n<p><b>EXPEDIENTE <br /></b></p>\r\n<p>No expediente da sess\u00e3o foram lidos 02 Indica\u00e7\u00f5es, 01 Projeto de Resolu\u00e7\u00e3o e 26 Projetos de Lei.</p>\r\n<p>Usaram a tribuna para pronunciamentos os vereadores Anselmo H. Os\u00f3rio (Ciclovia Witmarsum / Inaugura\u00e7\u00e3o Academia) e Jo\u00e3o Alberto F. da Costa (Sanepar / Projeto 5213).\u00a0\u00a0\u00a0\u00a0\u00a0\u00a0\u00a0\u00a0\u00a0\u00a0\u00a0\u00a0\u00a0\u00a0\u00a0\u00a0\u00a0\u00a0\u00a0 </p>\r\n<p><b>ORDEM DO DIA <br /></b></p>\r\n<p>Em raz\u00e3o do recesso legislativo no m\u00eas de janeiro, nenhuma mat\u00e9ria esteve em pauta na Ordem do Dia da sess\u00e3o. </p>\r\n<p><b>EXPLICA\u00c7\u00c3O PESSOAL <br /></b></p>\r\n<p>Inscrito em explica\u00e7\u00e3o pessoal, usou da palavra o vereador Marcos Ribas (Novo ano legislativo). </p>\r\n<p><b>PALAVRA DO PRESIDENTE</b> </p>\r\n<p>O presidente vereador Domingos Everaldo Kuhn, antes de encerrar a sess\u00e3o, fez sua sauda\u00e7\u00e3o a todos os presentes, e em especial aos parlamentares desejou um 2019 de grandes projetos.</p>\r\n<p>Finalizando sua fala, discorreu sobre o Projeto de Lei 5213. </p>\r\n<p><b>A pr\u00f3xima sess\u00e3o ordin\u00e1ria \u00a0estar\u00e1 acontecendo na ter\u00e7a-feira (12/02), no hor\u00e1rio regimental de 19 horas, sendo que todos ter\u00e3o acesso \u00e0 convoca\u00e7\u00e3o da Ordem do Dia no site oficial da C\u00e2mara Municipal (<a href=\"https://www.palmeira.pr.leg.br/\">www.palmeira.pr.leg.br</a>).</b></p>", "author_name": "", "version": "1.0", "author_url": "https://www.palmeira.pr.leg.br/author/ivano", "provider_name": "C\u00e2mara Municipal de Palmeira", "type": "rich"}