{"provider_url": "https://www.palmeira.pr.leg.br", "title": "1\u00aa Sess\u00e3o Ordin\u00e1ria", "html": "<p>Nesta ter\u00e7a-feira (06/02) aconteceu na sede da C\u00e2mara Municipal de Palmeira, a primeira Sess\u00e3o Ordin\u00e1ria de 2018, tendo registrado a presen\u00e7a de todos os vereadores. </p>\r\n<p><b>EXPEDIENTE <br /></b></p>\r\n<p>No expediente da sess\u00e3o foram lidos 03 Requerimentos, 01 Indica\u00e7\u00e3o e 14 Projetos de Lei.\u00a0\u00a0\u00a0\u00a0\u00a0\u00a0\u00a0\u00a0\u00a0\u00a0\u00a0\u00a0\u00a0\u00a0\u00a0\u00a0\u00a0\u00a0\u00a0 </p>\r\n<p><b>ORDEM DO DIA <br /></b></p>\r\n<p>Em discuss\u00e3o \u00fanica foram aprovados os Requerimentos 002, 080, 081 e 082/18. </p>\r\n<p><b>EXPLICA\u00c7\u00c3O PESSOAL <br /></b></p>\r\n<p>Inscrito em explica\u00e7\u00e3o pessoal, usou da palavra o vereador Marcos Ribas (Ped\u00e1gio). </p>\r\n<p><b>PALAVRA DO PRESIDENTE</b> </p>\r\n<p>O presidente vereador Pastor Anselmo, antes de encerrar a sess\u00e3o, fez sua sauda\u00e7\u00e3o a todos os parlamentares, desejando um 2018 de grandes projetos, discursos e enfrentamentos. Tamb\u00e9m estendeu os cumprimentos aos funcion\u00e1rios da casa e demais presentes na sess\u00e3o.</p>\r\n<p>Ainda pegou um gancho no pronunciamento em explica\u00e7\u00e3o pessoal do vereador Marcos Ribas, fazendo suas considera\u00e7\u00f5es sobre o ped\u00e1gio.</p>\r\n<p>Finalizando sua fala, registrou que o Empreendimento de Aves Leica, em Witmarsum, de propriedade de Oscar Schweigert j\u00e1 iniciou o abate de frangos, desejando sucesso. \u00a0 </p>\r\n<p><b>A pr\u00f3xima sess\u00e3o ordin\u00e1ria, devido ao feriado de carnaval, estar\u00e1 acontecendo na pr\u00f3xima quarta-feira (14/02), no hor\u00e1rio regimental de 19 horas, sendo que todos ter\u00e3o acesso \u00e0 convoca\u00e7\u00e3o da Ordem do Dia no site oficial da C\u00e2mara Municipal (<a href=\"https://www.palmeira.pr.leg.br/\">www.palmeira.pr.leg.br</a>).</b></p>", "author_name": "", "version": "1.0", "author_url": "https://www.palmeira.pr.leg.br/author/ivano", "provider_name": "C\u00e2mara Municipal de Palmeira", "type": "rich"}