{"provider_url": "https://www.palmeira.pr.leg.br", "title": "19\u00aa Sess\u00e3o Ordin\u00e1ria", "html": "<p>Nesta ter\u00e7a-feira (11/06), aconteceu na sede da C\u00e2mara Municipal de Palmeira, a d\u00e9cima nona Sess\u00e3o Ordin\u00e1ria de 2024, tendo registrado a aus\u00eancia do vereador Joslei Sequineli. </p>\r\n<p><b>EXPEDIENTE <br /></b></p>\r\n<p>No expediente da Sess\u00e3o foram lidos 04 Indica\u00e7\u00f5es, 01 Requerimento, 01 Emenda a Projeto de Lei, 01 Anteprojeto de Lei e 03 Projetos de Lei.</p>\r\n<p>Usou a tribuna para pronunciamento o vereador Marcel Pietralla (Diversos).<b> <br /></b></p>\r\n<p><b>ORDEM DO DIA</b> </p>\r\n<p>Em discuss\u00e3o \u00fanica foram aprovados as Indica\u00e7\u00f5es 47 a 53/2024, e os Requerimentos 51 a 54/2024. \u00a0</p>\r\n<p>Em 2\u00aa discuss\u00e3o foram aprovados os Projetos de Lei 6287/2024, 6316/2024, 6317/2024 e 6323/2024.</p>\r\n<p>Em 1\u00aa discuss\u00e3o foram aprovados os Projetos de Lei 6320/2024, 6321/2024, 6322/2024, 6324/2024, e rejeitado o Projeto de Lei 6325/2024. </p>\r\n<p><b>EXPLICA\u00c7\u00c3O PESSOAL <br /></b></p>\r\n<p>Inscritos em explica\u00e7\u00e3o pessoal, usaram da palavra os vereadores Vane (Secret\u00e1ria de Educa\u00e7\u00e3o Requerimento), Marcel Pietralla (Transporte Sa\u00fade) e Egon Krambeck (Manifestar). </p>\r\n<p><b>PALAVRA DO PRESIDENTE</b> </p>\r\n<p>O presidente vereador Odair Sanson J\u00fanior, antes de encerrar a sess\u00e3o, fez o registro da apresenta\u00e7\u00e3o do Relat\u00f3rio da Ouvidoria SUS do munic\u00edpio.</p>\r\n<p>Tamb\u00e9m registrou a apresenta\u00e7\u00e3o da Presta\u00e7\u00e3o de Contas do Poder Legislativo relativo ao m\u00eas de maio de 2024. </p>\r\n<p><b>A pr\u00f3xima sess\u00e3o ordin\u00e1ria acontecer\u00e1 na ter\u00e7a-feira (18/06), no hor\u00e1rio regimental de 19 horas, sendo que todos ter\u00e3o acesso \u00e0 convoca\u00e7\u00e3o da Ordem do Dia no site oficial da C\u00e2mara Municipal (</b><a href=\"http://www.palmeira.pr.leg.br/\"><b>www.palmeira.pr.leg.br</b></a><b>).</b></p>\r\n<p>\u00a0</p>", "author_name": "", "version": "1.0", "author_url": "https://www.palmeira.pr.leg.br/author/ivano", "provider_name": "C\u00e2mara Municipal de Palmeira", "type": "rich"}