{"provider_url": "https://www.palmeira.pr.leg.br", "title": "19\u00aa Sess\u00e3o Ordin\u00e1ria", "html": "<p>Nesta ter\u00e7a-feira (18/08) aconteceu na sede da C\u00e2mara Municipal de Palmeira, a d\u00e9cima nona Sess\u00e3o Ordin\u00e1ria de 2020, tendo registrado a presen\u00e7a de todos os vereadores.\u00a0 </p>\r\n<p><b>EXPEDIENTE <br /></b></p>\r\n<p>No expediente da Sess\u00e3o foram lidos 05 Projetos de Lei, 01 Mo\u00e7\u00e3o, 03 Requerimentos e 01 Indica\u00e7\u00e3o.</p>\r\n<p>Usou a Tribuna para pronunciamento o Vereador Jo\u00e3o Alberto F. da Costa (Projeto de Lei 5529).<b> <br /></b></p>\r\n<p><b>ORDEM DO DIA</b> </p>\r\n<p>Em discuss\u00e3o \u00fanica foram aprovados os Requerimentos 51, 52, 53, 54/2020, e as Emendas 546 e 547/2020. A Emenda 534/2020 teve adiamento da sua discuss\u00e3o por 07 dias atrav\u00e9s de requerimento formulado pelo vereador Jo\u00e3o Alberto.</p>\r\n<p>Em 2\u00aa discuss\u00e3o foram aprovados os Projetos de Lei 5554, 5560, 5561 e 5562/2020.</p>\r\n<p>Em 1\u00aa discuss\u00e3o foram aprovados os Projetos de Lei 5558, 5559/2020 e o Projeto de Resolu\u00e7\u00e3o 140/2020. O Projeto de Lei 5529 foi retirado da pauta de vota\u00e7\u00f5es devido ao adiamento da discuss\u00e3o da Emenda 534/2020. </p>\r\n<p><b>PALAVRA DO PRESIDENTE <br /></b></p>\r\n<p>O presidente vereador Domingos Everaldo Kuhn, antes de encerrar a sess\u00e3o, discorreu sobre a import\u00e2ncia do Projeto de Lei 5559/2020 que autoriza o Poder Executivo efetivar a transfer\u00eancia da propriedade de im\u00f3vel urbano \u00e0 Empresa Agropecu\u00e1ria Ip\u00ea Amarelo. </p>\r\n<p><b>A pr\u00f3xima sess\u00e3o ordin\u00e1ria acontecer\u00e1 na ter\u00e7a-feira (25/08), no hor\u00e1rio regimental de 19 horas, sendo que todos ter\u00e3o acesso \u00e0 convoca\u00e7\u00e3o da Ordem do Dia no site oficial da C\u00e2mara Municipal (</b><a href=\"http://www.palmeira.pr.leg.br/\"><b>www.palmeira.pr.leg.br</b></a><b>).</b></p>\r\n<p>\u00a0</p>", "author_name": "", "version": "1.0", "author_url": "https://www.palmeira.pr.leg.br/author/ivano", "provider_name": "C\u00e2mara Municipal de Palmeira", "type": "rich"}