{"provider_url": "https://www.palmeira.pr.leg.br", "title": "18\u00aa Sess\u00e3o Ordin\u00e1ria", "html": "<p>Nesta ter\u00e7a-feira (04/06), presidida pelo Vice-Presidente vereador Joslei Sequineli, aconteceu na sede da C\u00e2mara Municipal de Palmeira, a d\u00e9cima oitava Sess\u00e3o Ordin\u00e1ria de 2024.</p>\r\n<p><b>EXPEDIENTE <br /></b></p>\r\n<p>No expediente da Sess\u00e3o foram lidos 07 Indica\u00e7\u00f5es, 01 Emenda a Projeto de Lei, 01 Projeto de Emenda a Lei Org\u00e2nica, 01 Projeto de Lei Complementar e 02 Projetos de Lei.</p>\r\n<p>Usou a tribuna para pronunciamento o vereador Marcel Pietralla (Sa\u00fade P\u00fablica).<b> <br /></b></p>\r\n<p><b>ORDEM DO DIA</b></p>\r\n<p>Em discuss\u00e3o \u00fanica foram aprovados a Indica\u00e7\u00e3o 46/2024, os Requerimentos 49 e 50/2024, a Emenda 467/2024 e o parecer da Comiss\u00e3o de Constitui\u00e7\u00e3o, Legisla\u00e7\u00e3o, Justi\u00e7a e Reda\u00e7\u00e3o ao Projeto de Lei 6276/2024.</p>\r\n<p>Em 2\u00aa discuss\u00e3o foram aprovados os Projetos de Lei 6284/2024, 6313/2024 e 6314/2024.</p>\r\n<p>Em 1\u00aa discuss\u00e3o foram aprovados os Projetos de Lei 6287/2024, 6316/2024, 6317/2024 e 6323/2024.</p>\r\n<p><b>EXPLICA\u00c7\u00c3O PESSOAL <br /></b></p>\r\n<p>Inscritos em explica\u00e7\u00e3o pessoal, usaram da palavra os vereadores Lucas Santos (Recursos para Palmeira), Vane (Cozinhas Industriais) e Egon Krambeck (Manifestar).</p>\r\n<p><b>A pr\u00f3xima sess\u00e3o ordin\u00e1ria acontecer\u00e1 na ter\u00e7a-feira (11/06), no hor\u00e1rio regimental de 19 horas, sendo que todos ter\u00e3o acesso \u00e0 convoca\u00e7\u00e3o da Ordem do Dia no site oficial da C\u00e2mara Municipal (</b><a href=\"http://www.palmeira.pr.leg.br/\"><b>www.palmeira.pr.leg.br</b></a><b>).</b></p>\r\n<p>\u00a0</p>", "author_name": "", "version": "1.0", "author_url": "https://www.palmeira.pr.leg.br/author/ivano", "provider_name": "C\u00e2mara Municipal de Palmeira", "type": "rich"}