{"provider_url": "https://www.palmeira.pr.leg.br", "title": "17\u00aa Sess\u00e3o Ordin\u00e1ria", "html": "<p>Nesta ter\u00e7a-feira (04/08) aconteceu na sede da C\u00e2mara Municipal de Palmeira, a d\u00e9cima s\u00e9tima Sess\u00e3o Ordin\u00e1ria de 2020, tendo registrado a presen\u00e7a de todos os vereadores.\u00a0 </p>\r\n<p><b>EXPEDIENTE <br /></b></p>\r\n<p>No expediente da Sess\u00e3o foram lidos 05 Projetos de Lei, 01 Projeto de Resolu\u00e7\u00e3o, 01 Veto Total \u00e0 Projeto de Lei e 01 Requerimento.<b> <br /></b></p>\r\n<p><b>ORDEM DO DIA</b> </p>\r\n<p>Em discuss\u00e3o \u00fanica foram aprovados o Requerimento 47/2020 e a Indica\u00e7\u00e3o 31/2020.</p>\r\n<p>Em 1\u00aa discuss\u00e3o foram aprovados os Projetos de Lei 5552, 5553, 5556 e 5557/2020. </p>\r\n<p><b>EXPLICA\u00c7\u00c3O PESSOAL <br /></b></p>\r\n<p>Inscrito em explica\u00e7\u00e3o pessoal, usou da palavra o vereador Anselmo H. Os\u00f3rio (Estradas Rurais).\u00a0\u00a0 </p>\r\n<p><b>PALAVRA DO PRESIDENTE <br /></b></p>\r\n<p>O presidente vereador Domingos Everaldo Kuhn, antes de encerrar a sess\u00e3o, comunicou aos demais vereadores que est\u00e1 dispon\u00edvel a Presta\u00e7\u00e3o de Contas da C\u00e2mara Municipal referente ao m\u00eas de julho/2020. </p>\r\n<p><b>A pr\u00f3xima sess\u00e3o ordin\u00e1ria acontecer\u00e1 na ter\u00e7a-feira (11/08), no hor\u00e1rio regimental de 19 horas, sendo que todos ter\u00e3o acesso \u00e0 convoca\u00e7\u00e3o da Ordem do Dia no site oficial da C\u00e2mara Municipal (<a href=\"http://www.palmeira.pr.leg.br/\">www.palmeira.pr.leg.br</a>).</b></p>", "author_name": "", "version": "1.0", "author_url": "https://www.palmeira.pr.leg.br/author/ivano", "provider_name": "C\u00e2mara Municipal de Palmeira", "type": "rich"}