{"provider_url": "https://www.palmeira.pr.leg.br", "title": "16\u00aa Sess\u00e3o Ordin\u00e1ria", "html": "<p>Nesta ter\u00e7a-feira (28/07) aconteceu na sede da C\u00e2mara Municipal de Palmeira, a d\u00e9cima sexta Sess\u00e3o Ordin\u00e1ria de 2020, tendo registrado a presen\u00e7a de todos os vereadores. \u00a0 </p>\r\n<p><b>EXPEDIENTE <br /></b></p>\r\n<p>No expediente da Sess\u00e3o foram lidos 04 Projetos de Lei, 01 Mo\u00e7\u00e3o, 01 Indica\u00e7\u00e3o e 02 Requerimentos.</p>\r\n<p>Usou a tribuna para pronunciamento o vereador Jo\u00e3o Alberto F. da Costa (Marco Regulat\u00f3rio do Saneamento).\u00a0\u00a0 <b><br /></b></p>\r\n<p><b>ORDEM DO DIA</b> </p>\r\n<p>Em discuss\u00e3o \u00fanica foram aprovados os Requerimentos 45 e 46/2020, e as Indica\u00e7\u00f5es 28, 29 e 30/2020.</p>\r\n<p>Em 2\u00aa discuss\u00e3o foram aprovados os Projetos de Lei 5545, 5546, 5547, 5548, 5549 e 5551/2020.</p>\r\n<p>O Projeto de Lei 5503 teve aprovado Requerimento do seu autor pela retirada da pauta de vota\u00e7\u00f5es, atendendo orienta\u00e7\u00e3o da Procuradoria Jur\u00eddica. </p>\r\n<p><b>EXPLICA\u00c7\u00c3O PESSOAL <br /></b></p>\r\n<p>Inscrito em explica\u00e7\u00e3o pessoal, usou da palavra o vereador Anselmo H. Os\u00f3rio (Dia do Agricultor). \u00a0</p>\r\n<p><b>A pr\u00f3xima sess\u00e3o ordin\u00e1ria acontecer\u00e1 na ter\u00e7a-feira (04/08), no hor\u00e1rio regimental de 19 horas, sendo que todos ter\u00e3o acesso \u00e0 convoca\u00e7\u00e3o da Ordem do Dia no site oficial da C\u00e2mara Municipal (</b><a href=\"http://www.palmeira.pr.leg.br/\"><b>www.palmeira.pr.leg.br</b></a><b>).</b></p>\r\n<p>\u00a0</p>", "author_name": "", "version": "1.0", "author_url": "https://www.palmeira.pr.leg.br/author/ivano", "provider_name": "C\u00e2mara Municipal de Palmeira", "type": "rich"}