{"provider_url": "https://www.palmeira.pr.leg.br", "title": "15\u00aa Sess\u00e3o Ordin\u00e1ria", "html": "<p>Nesta ter\u00e7a-feira (21/07) aconteceu na sede da C\u00e2mara Municipal de Palmeira, a d\u00e9cima quinta Sess\u00e3o Ordin\u00e1ria de 2020, tendo registrado a presen\u00e7a de todos os vereadores.\u00a0 </p>\r\n<p><b>EXPEDIENTE <br /></b></p>\r\n<p>No expediente da Sess\u00e3o foram lidos 02 Projetos de Lei, 03 Indica\u00e7\u00f5es e 01 Requerimento.</p>\r\n<p>Usaram a tribuna para pronunciamentos os vereadores Jo\u00e3o Alberto F. da Costa (Projeto 5511) e Anselmo H. Os\u00f3rio (Metamorfose). \u00a0<b> <br /></b></p>\r\n<p><b>ORDEM DO DIA</b> </p>\r\n<p>Em discuss\u00e3o \u00fanica foi aprovado o Requerimentos 044/2020.</p>\r\n<p>Em 2\u00aa discuss\u00e3o foram aprovados os Projetos de Lei 5526 (com emenda aprovada), 5537, 5538, 5539, 5540, 5541, 5542, 5543, 5544 e o Projeto de Resolu\u00e7\u00e3o 139/2020.</p>\r\n<p>Em 1\u00aa discuss\u00e3o foram aprovados os Projetos de Lei 5545, 5546, 5547, 5548, 5549 e 5551/2020. </p>\r\n<p><b>A pr\u00f3xima sess\u00e3o ordin\u00e1ria acontecer\u00e1 na ter\u00e7a-feira (28/07), no hor\u00e1rio regimental de 19 horas, sendo que todos ter\u00e3o acesso \u00e0 convoca\u00e7\u00e3o da Ordem do Dia no site oficial da C\u00e2mara Municipal (</b><a href=\"http://www.palmeira.pr.leg.br/\"><b>www.palmeira.pr.leg.br</b></a><b>).</b></p>\r\n<p>\u00a0</p>", "author_name": "", "version": "1.0", "author_url": "https://www.palmeira.pr.leg.br/author/ivano", "provider_name": "C\u00e2mara Municipal de Palmeira", "type": "rich"}