{"provider_url": "https://www.palmeira.pr.leg.br", "title": "14\u00aa Sess\u00e3o Ordin\u00e1ria", "html": "<p>Nesta ter\u00e7a-feira (14/07) aconteceu na sede da C\u00e2mara Municipal de Palmeira, a d\u00e9cima quarta Sess\u00e3o Ordin\u00e1ria de 2020, tendo registrado a aus\u00eancia do Vereador Denis Sanson por motivo justificado.\u00a0 </p>\r\n<p><b>EXPEDIENTE</b></p>\r\n<p>No expediente da Sess\u00e3o foram lidos 07 Projetos de Lei, 01 Mo\u00e7\u00e3o e 01 Requerimento.</p>\r\n<p>Usou a tribuna para pronunciamento o vereador Jo\u00e3o Alberto F. da Costa (Projeto de Lei 5511). \u00a0<b> <br /></b></p>\r\n<p><b>ORDEM DO DIA</b> </p>\r\n<p>Em discuss\u00e3o \u00fanica foram aprovados os Requerimentos 040, 041, 042, 043/2020, e a Emenda Protocolada sob o n\u00ba 445/2020.</p>\r\n<p>Em 2\u00aa discuss\u00e3o foram aprovados os Projetos de Lei 5511 (com emenda aprovada), 5535 e 5536.</p>\r\n<p>Em 1\u00aa discuss\u00e3o foram aprovados os Projetos de Lei 5526, 5537, 5538, 5539, 5540, 5541, 5542, 5543, 5544 e o Projeto de Resolu\u00e7\u00e3o 139/2020. </p>\r\n<p><b>EXPLICA\u00c7\u00c3O PESSOAL <br /></b></p>\r\n<p>Inscritos em explica\u00e7\u00e3o pessoal, usaram da palavra os vereadores Jo\u00e3o Alberto F. da Costa (Passar do Tempo) e Marcos Ribas (Mo\u00e7\u00e3o de Apoio).\u00a0 </p>\r\n<p><b>PALAVRA DO PRESIDENTE <br /></b></p>\r\n<p>O presidente vereador Domingos Everaldo Kuhn, antes de encerrar a sess\u00e3o, parabenizou o vereador Marcos Ribas pela iniciativa do Projeto de Lei N\u00ba 5526, que disp\u00f5es sobre a denomina\u00e7\u00e3o da Estrat\u00e9gia de Sa\u00fade da Fam\u00edlia \u2013 ESF de Vieiras, homenageando a Sra. Alice Roskosz Mores. </p>\r\n<p><b>A pr\u00f3xima sess\u00e3o ordin\u00e1ria acontecer\u00e1 na ter\u00e7a-feira (21/07), no hor\u00e1rio regimental de 19 horas, sendo que todos ter\u00e3o acesso \u00e0 convoca\u00e7\u00e3o da Ordem do Dia no site oficial da C\u00e2mara Municipal (<a href=\"http://www.palmeira.pr.leg.br/\">www.palmeira.pr.leg.br</a>).</b></p>", "author_name": "", "version": "1.0", "author_url": "https://www.palmeira.pr.leg.br/author/ivano", "provider_name": "C\u00e2mara Municipal de Palmeira", "type": "rich"}