{"provider_url": "https://www.palmeira.pr.leg.br", "title": "13\u00aa Sess\u00e3o Ordin\u00e1ria", "html": "<p>Nesta ter\u00e7a-feira (07/07) aconteceu na sede da C\u00e2mara Municipal de Palmeira, a d\u00e9cima terceira Sess\u00e3o Ordin\u00e1ria de 2020, tendo registrado a presen\u00e7a de todos os vereadores. \u00a0 </p>\r\n<p><b>EXPEDIENTE <br /></b></p>\r\n<p>No expediente da Sess\u00e3o foram lidos 08 Projetos de Lei, 01 Projeto de Resolu\u00e7\u00e3o, 01 Mo\u00e7\u00e3o e 02 Requerimentos.</p>\r\n<p>Usou a tribuna para pronunciamento o vereador Jo\u00e3o Alberto Ferreira da Costa (Previd\u00eancia Social).<b> <br /></b></p>\r\n<p><b>ORDEM DO DIA</b> </p>\r\n<p>Em discuss\u00e3o \u00fanica foram aprovados os Requerimentos 037, 038/2020, e as Indica\u00e7\u00f5es 026 e 027/2020.</p>\r\n<p>A Emenda Protocolada sob o n\u00ba 445/2020 teve o adiamento da sua discuss\u00e3o por 5 dias, atendendo requerimento do Vereador Jo\u00e3o Savi.</p>\r\n<p>Em 2\u00aa discuss\u00e3o foram aprovados os Projetos de Lei 5530, 5531, 5532, 5533 e 5534.</p>\r\n<p>O Projeto de Lei Complementar 17/2019 teve aprovado novo adiamento da discuss\u00e3o pelo prazo de 90 dias, atendendo requerimento do Vereador Marcos Ribas.</p>\r\n<p>Em 1\u00aa discuss\u00e3o foram aprovados os Projetos de Lei 5535 e 5536. </p>\r\n<p><b>EXPLICA\u00c7\u00c3O PESSOAL <br /></b></p>\r\n<p>Inscrito em explica\u00e7\u00e3o pessoal, usou da palavra o vereador Anselmo H. Os\u00f3rio (Pedra Fundamental da Igreja do Evangelho Quadrangular / 18 anos). </p>\r\n<p><b>PALAVRA DO PRESIDENTE <br /></b></p>\r\n<p>O presidente vereador Domingos Everaldo Kuhn, antes de encerrar a sess\u00e3o, lembrou que no dia 14 do corrente, \u00e0s 20 horas e \u00e0s 20 horas e 30 minutos, ser\u00e3o realizadas Sess\u00f5es de Julgamento para apreciar, respectivamente, o Projeto de Decreto Legislativo 713/2020, que \u201cAprova a Presta\u00e7\u00e3o de Contas do Munic\u00edpio de Palmeira, relativas ao Exerc\u00edcio Financeiro de 2018\u201d, e o Projeto de Decreto Legislativo 714/2020, que \u201cDesaprova a Presta\u00e7\u00e3o de Contas do Termo de Ades\u00e3o n\u00ba 122.012.026-4/2012, referente ao Exerc\u00edcio Financeiro de 2012 do Munic\u00edpio de Palmeira\u201d.</p>\r\n<p>Tamb\u00e9m disponibilizou aos demais vereadores a Presta\u00e7\u00e3o de Contas da C\u00e2mara Municipal referente ao m\u00eas de junho de 2020.</p>\r\n<p>Finalizando sua fala, discorreu sobre of\u00edcio recebido do Poder Executivo sobre coleta de recicl\u00e1veis, elogiando o trabalho de quem faz o recolhimento, e dando nota 10 para os recolhimentos dos recicl\u00e1veis e org\u00e2nicos. </p>\r\n<p><b>A pr\u00f3xima sess\u00e3o ordin\u00e1ria acontecer\u00e1 na ter\u00e7a-feira (14/07), no hor\u00e1rio regimental de 19 horas, sendo que todos ter\u00e3o acesso \u00e0 convoca\u00e7\u00e3o da Ordem do Dia no site oficial da C\u00e2mara Municipal (</b><a href=\"http://www.palmeira.pr.leg.br/\"><b>www.palmeira.pr.leg.br</b></a><b>).</b></p>\r\n<p>\u00a0</p>\r\n<p>\u00a0</p>", "author_name": "", "version": "1.0", "author_url": "https://www.palmeira.pr.leg.br/author/ivano", "provider_name": "C\u00e2mara Municipal de Palmeira", "type": "rich"}