{"provider_url": "https://www.palmeira.pr.leg.br", "title": "12\u00aa Sess\u00e3o Ordin\u00e1ria", "html": "<p>Nesta ter\u00e7a-feira (30/06) aconteceu na sede da C\u00e2mara Municipal de Palmeira, a d\u00e9cima segunda Sess\u00e3o Ordin\u00e1ria de 2020, tendo registrado a presen\u00e7a de todos os vereadores. \u00a0 </p>\r\n<p><b>EXPEDIENTE <br /></b></p>\r\n<p>No expediente da Sess\u00e3o foram lidos 02 Projetos de Lei, 01 Emenda, 03 Requerimentos e 02 Indica\u00e7\u00f5es.<b> <br /></b></p>\r\n<p><b>ORDEM DO DIA</b> </p>\r\n<p>Em discuss\u00e3o \u00fanica foram aprovados o Requerimento 039/2020, as Indica\u00e7\u00f5es 022, 023, 024 e 025/2020, e a Emenda Protocolada sob o n\u00ba 403/2020.</p>\r\n<p>Em 2\u00aa discuss\u00e3o foram aprovados os Projetos de Lei 5510, 5520, 5527, 5528, e rejeitado o Projeto de Lei 5276/2019.</p>\r\n<p>Em raz\u00e3o da Emenda protocolada sob n\u00ba 445/2020, o Projeto de Lei 5511 foi retirado da pauta de vota\u00e7\u00f5es.</p>\r\n<p>Em 1\u00aa discuss\u00e3o foram aprovados os Projetos de Lei 5530, 5531, 5532, 5533 e 5534. </p>\r\n<p><b>EXPLICA\u00c7\u00c3O PESSOAL <br /></b></p>\r\n<p>Inscritos em explica\u00e7\u00e3o pessoal, usaram da palavra os vereadores Marcos Ribas (Ordem de servi\u00e7o) e Anselmo H. Os\u00f3rio (Ind\u00fastria de Ra\u00e7\u00e3o em Porto Amazonas). </p>\r\n<p><b>PALAVRA DO PRESIDENTE <br /></b></p>\r\n<p>O presidente vereador Domingos Everaldo Kuhn, antes de encerrar a sess\u00e3o, destacou os trabalhos dos Deputados Estadual Paulo Litro e Federal Vermelho em prol do munic\u00edpio de Palmeira. Deputado Litro acabou de anunciar a Ordem de Servi\u00e7o para pavimenta\u00e7\u00e3o de rua da Col\u00f4nia Francesa, e o Deputado Vermelho confirmou j\u00e1 estar na conta do munic\u00edpio recursos de 100 mil reais para ser investido no parquinho da Col\u00f4nia Francesa. </p>\r\n<p><b>A pr\u00f3xima sess\u00e3o ordin\u00e1ria acontecer\u00e1 na ter\u00e7a-feira (07/07), no hor\u00e1rio regimental de 19 horas, sendo que todos ter\u00e3o acesso \u00e0 convoca\u00e7\u00e3o da Ordem do Dia no site oficial da C\u00e2mara Municipal (<a href=\"http://www.palmeira.pr.leg.br/\">www.palmeira.pr.leg.br</a>).</b></p>", "author_name": "", "version": "1.0", "author_url": "https://www.palmeira.pr.leg.br/author/ivano", "provider_name": "C\u00e2mara Municipal de Palmeira", "type": "rich"}