{"provider_url": "https://www.palmeira.pr.leg.br", "title": "11\u00aa Sess\u00e3o Ordin\u00e1ria", "html": "<p>Nesta ter\u00e7a-feira (23/06) aconteceu na sede da C\u00e2mara Municipal de Palmeira, a d\u00e9cima primeira Sess\u00e3o Ordin\u00e1ria de 2020, tendo registrado a aus\u00eancia do vereador Marcos Ribas. \u00a0 </p>\r\n<p><b>EXPEDIENTE <br /></b></p>\r\n<p>No expediente da Sess\u00e3o foram lidos 06 Projetos de Lei, 01 Emenda, 01 Requerimento e 04 Indica\u00e7\u00f5es.</p>\r\n<p>Usou a tribuna para pronunciamento o vereador Jo\u00e3o Alberto F. da Costa (Marco Regulat\u00f3rio do Saneamento). \u00a0\u00a0<b> <br /></b></p>\r\n<p><b>ORDEM DO DIA</b> </p>\r\n<p>Em discuss\u00e3o \u00fanica foram aprovados os Requerimentos 035 e 036/2020, a Indica\u00e7\u00e3o 021/2020, e a Emenda Protocolada sob o n\u00ba 353/2020.</p>\r\n<p>Em 2\u00aa discuss\u00e3o foram aprovados os Projetos de Lei 5382 (Substitutivo), 5494, 5505, 5509, 5513, 5514, 5515, 5516, 5517, 5518, 5519, 5521, 5522, 5523, 5524, 5525, e o Projeto de Lei Complementar 28/2020.</p>\r\n<p>O Projeto de Lei 5421/2019 teve adiamento da discuss\u00e3o por 15 dias, atendendo requerimento formulado pelo vereador Denis Sanson.</p>\r\n<p>J\u00e1 o Vereador Jo\u00e3o Alberto F. da Costa requereu adiamentos das discuss\u00f5es por 30 dias do Projeto de Lei 5503 e por 10 dias do Projeto de Lei Complementar 17/2019, ambos aprovados pelo plen\u00e1rio.</p>\r\n<p>Em 1\u00aa discuss\u00e3o foram aprovados os Projetos de Lei 5510, 5511, 5520, 5527, 5528, e rejeitado o Projeto de Lei 5276/2019. </p>\r\n<p><b>PALAVRA DO PRESIDENTE <br /></b></p>\r\n<p>O presidente vereador Domingos Everaldo Kuhn, antes de encerrar a sess\u00e3o, comunicou que ser\u00e3o realizadas Sess\u00f5es de Julgamento nos dias 14 e 21 de julho, \u00e0s 20 horas, para apreciar em 1\u00aa e 2\u00aa vota\u00e7\u00e3o, respectivamente, o Projeto de Decreto Legislativo 713/2020, que Aprova a Presta\u00e7\u00e3o de Contas do Munic\u00edpio de Palmeira, relativas ao Exerc\u00edcio Financeiro de 2018, e ainda nos dias 14 e 21 de julho, \u00e0s 20 horas e 30 minutos, para apreciar em 1\u00aa e 2\u00aa vota\u00e7\u00e3o, respectivamente, o Projeto de Decreto Legislativo 714/2020, que Desaprova a Presta\u00e7\u00e3o de Contas do Termo de Ades\u00e3o n\u00ba 122.012.026-4/2012, referente ao Exerc\u00edcio Financeiro de 2012 do Munic\u00edpio de Palmeira.</p>\r\n<p>Encerrando sua fala, ainda discorreu sobre concess\u00f5es de terrenos do Distrito Industrial de Palmeira. \u00a0\u00a0\u00a0 </p>\r\n<p><b>A pr\u00f3xima sess\u00e3o ordin\u00e1ria acontecer\u00e1 na ter\u00e7a-feira (30/06), no hor\u00e1rio regimental de 19 horas, sendo que todos ter\u00e3o acesso \u00e0 convoca\u00e7\u00e3o da Ordem do Dia no site oficial da C\u00e2mara Municipal (</b><a href=\"http://www.palmeira.pr.leg.br/\"><b>www.palmeira.pr.leg.br</b></a><b>).</b></p>\r\n<p>\u00a0</p>\r\n<p>\u00a0</p>", "author_name": "", "version": "1.0", "author_url": "https://www.palmeira.pr.leg.br/author/ivano", "provider_name": "C\u00e2mara Municipal de Palmeira", "type": "rich"}