{"provider_url": "https://www.palmeira.pr.leg.br", "title": "10\u00aa Sess\u00e3o Ordin\u00e1ria", "html": "<p>Nesta ter\u00e7a-feira (16/06) aconteceu na sede da C\u00e2mara Municipal de Palmeira, a d\u00e9cima Sess\u00e3o Ordin\u00e1ria de 2020, tendo registrado a presen\u00e7a de todos os vereadores. </p>\r\n<p><b>EXPEDIENTE <br /></b></p>\r\n<p>No expediente da Sess\u00e3o foram lidos 03 Projetos de Lei, 01 Emenda, 01 Requerimento e 01 Indica\u00e7\u00e3o.</p>\r\n<p>Usou a tribuna para pronunciamento o vereador Jo\u00e3o Alberto F. da Costa (Projeto de Lei 5511). \u00a0<b> <br /></b></p>\r\n<p><b>ORDEM DO DIA</b> </p>\r\n<p>Em discuss\u00e3o \u00fanica foram aprovados os Requerimentos 032, 033 e 034/2020, a Indica\u00e7\u00e3o 020/2020, e a Emenda Protocolada sob o n\u00ba 960/2019.</p>\r\n<p>Em 2\u00aa discuss\u00e3o foi aprovado o Projeto de Lei Complementar n\u00ba 18/2019.</p>\r\n<p>Em 1\u00aa discuss\u00e3o foram aprovados os Projetos de Lei 5382 (Substitutivo), 5494, 5503, 5505, 5509, 5513, 5514, 5515, 5516, 5517, 5518, 5519, 5521, 5522, 5523, 5524, 5525, e o Projeto de Lei Complementar 28/2020. </p>\r\n<p><b>EXPLICA\u00c7\u00c3O PESSOAL <br /></b></p>\r\n<p>Inscrito em explica\u00e7\u00e3o pessoal, usou da palavra o vereador Denis Sanson (esclarecimento).</p>\r\n<p><b>A pr\u00f3xima sess\u00e3o ordin\u00e1ria acontecer\u00e1 na ter\u00e7a-feira (23/06), no hor\u00e1rio regimental de 19 horas, sendo que todos ter\u00e3o acesso \u00e0 convoca\u00e7\u00e3o da Ordem do Dia no site oficial da C\u00e2mara Municipal (</b><a href=\"http://www.palmeira.pr.leg.br/\"><b>www.palmeira.pr.leg.br</b></a><b>).</b></p>\r\n<p>\u00a0</p>\r\n<p>\u00a0</p>", "author_name": "", "version": "1.0", "author_url": "https://www.palmeira.pr.leg.br/author/ivano", "provider_name": "C\u00e2mara Municipal de Palmeira", "type": "rich"}