{"provider_url": "https://www.palmeira.pr.leg.br", "title": "Informa\u00e7\u00f5es Gerais", "html": "<table class=\"invisible\">\r\n<tbody>\r\n<tr><th></th><th><a title=\"\" href=\"https://www.palmeira.pr.leg.br/institucional/historico\" class=\"internal-link\" target=\"_self\">HIST\u00d3RICO</a></th></tr>\r\n<tr>\r\n<td><a title=\"\" href=\"https://www.palmeira.pr.leg.br/institucional/historico\" class=\"internal-link\" target=\"_self\"><img src=\"https://www.palmeira.pr.leg.br/imagens/Histrico.png\" alt=\"\" class=\"image-inline\" title=\"\" /></a></td>\r\n<td>Informa\u00e7\u00f5es sobre a funda\u00e7\u00e3o da C\u00e2mara Municipal de Palmeira e primeiros anos de funcionamento.</td>\r\n</tr>\r\n<tr>\r\n<td></td>\r\n<td><a title=\"\" href=\"https://www.palmeira.pr.leg.br/institucional/funcao-e-definicao-1\" class=\"internal-link\" target=\"_self\"><strong>FUN\u00c7\u00c3O E DEFINI\u00c7\u00c3O</strong></a></td>\r\n</tr>\r\n<tr>\r\n<td><a title=\"\" href=\"https://www.palmeira.pr.leg.br/institucional/funcao-e-definicao-1\" class=\"internal-link\" target=\"_self\"><img src=\"https://www.palmeira.pr.leg.br/imagens/Funoedefinio.png\" alt=\"\" class=\"image-inline\" title=\"\" /></a></td>\r\n<td>Informa\u00e7\u00f5es sobre as fun\u00e7\u00f5es desempenhadas pela C\u00e2mara Municipal de Palmeira e defini\u00e7\u00f5es sobre como ela funciona.</td>\r\n</tr>\r\n<tr>\r\n<td></td>\r\n<td><a title=\"\" href=\"https://www.palmeira.pr.leg.br/institucional/legislaturas-municipais-1947-2028\" class=\"internal-link\" target=\"_self\"><span class=\"internal-link\"><strong>LEGISLATURAS MUNICIPAIS</strong></span></a></td>\r\n</tr>\r\n<tr>\r\n<td><a title=\"\" href=\"https://www.palmeira.pr.leg.br/institucional/legislaturas-municipais-1947-2028\" class=\"internal-link\" target=\"_self\"><span class=\"internal-link\"><img src=\"https://www.palmeira.pr.leg.br/imagens/Legislaturas.png\" alt=\"\" class=\"image-inline\" title=\"\" /></span></a></td>\r\n<td>Rela\u00e7\u00e3o dos Vereadores e Mesas Executivas da C\u00e2mara Municipal de Palmeira, desde a 1\u00aa Legislatura at\u00e9 a 18\u00aa Legislatura.</td>\r\n</tr>\r\n<tr>\r\n<td></td>\r\n<td><a title=\"\" href=\"https://www.palmeira.pr.leg.br/institucional/livro-ata\" class=\"internal-link\" target=\"_self\"><strong>LIVROS ATA</strong></a></td>\r\n</tr>\r\n<tr>\r\n<td><a title=\"\" href=\"https://www.palmeira.pr.leg.br/institucional/livro-ata\" class=\"internal-link\" target=\"_self\"><img src=\"https://www.palmeira.pr.leg.br/imagens/Livrosata.png\" alt=\"\" class=\"image-inline\" title=\"\" /></a></td>\r\n<td>Livros ata digitalizados das Sess\u00f5es Plen\u00e1rias realizadas pela C\u00e2mara Municipal de Palmeira, desde 1870 at\u00e9 2020.</td>\r\n</tr>\r\n<tr>\r\n<td></td>\r\n<td><strong><a title=\"\" href=\"https://www.palmeira.pr.leg.br/institucional/relacao-de-presidentes-da-camara\" class=\"internal-link\" target=\"_self\">RELA\u00c7\u00c3O DE PRESIDENTES</a></strong></td>\r\n</tr>\r\n<tr>\r\n<td><a title=\"\" href=\"https://www.palmeira.pr.leg.br/institucional/relacao-de-presidentes-da-camara\" class=\"internal-link\" target=\"_self\"><img src=\"https://www.palmeira.pr.leg.br/imagens/Presidentes.png\" alt=\"\" class=\"image-inline\" title=\"\" /></a></td>\r\n<td>Rela\u00e7\u00e3o de Presidentes da C\u00e2mara Municipal de Palmeira de 1870 at\u00e9 2022.</td>\r\n</tr>\r\n<tr>\r\n<td></td>\r\n<td><strong><a title=\"\" href=\"https://www.palmeira.pr.leg.br/institucional/relacao-de-prefeitos-municipais\" class=\"internal-link\" target=\"_self\">RELA\u00c7\u00c3O DE PREFEITOS</a></strong></td>\r\n</tr>\r\n<tr>\r\n<td><a title=\"\" href=\"https://www.palmeira.pr.leg.br/institucional/relacao-de-prefeitos-municipais\" class=\"internal-link\" target=\"_self\"><img src=\"https://www.palmeira.pr.leg.br/imagens/Prefeitos.png\" alt=\"\" class=\"image-inline\" title=\"\" /></a></td>\r\n<td>Rela\u00e7\u00e3o de Prefeitos do Munic\u00edpio de Palmeira de 1897 at\u00e9 2022.</td>\r\n</tr>\r\n</tbody>\r\n</table>", "author_name": "", "version": "1.0", "author_url": "https://www.palmeira.pr.leg.br/author/cmpalmeira", "provider_name": "C\u00e2mara Municipal de Palmeira", "type": "rich"}