{"provider_url": "https://www.palmeira.pr.leg.br", "title": "Rodap\u00e9", "html": "<table class=\"invisible\">\r\n<tbody>\r\n<tr><th>\r\n<p style=\"text-align: center; \">Sobre a C\u00e2mara</p>\r\n</th><th>\r\n<p style=\"text-align: center; \">Processo Legislativo</p>\r\n</th><th>\r\n<p style=\"text-align: center; \">Transpar\u00eancia</p>\r\n</th><th>\r\n<p style=\"text-align: center; \">Legisla\u00e7\u00e3o</p>\r\n</th><th>\r\n<p style=\"text-align: center; \"><strong><span style=\"text-align: left; \">Links \u00dateis</span></strong></p>\r\n</th><th>\r\n<p style=\"text-align: center; \">Atendimento</p>\r\n</th></tr>\r\n<tr>\r\n<td>\r\n<div style=\"text-align: center; \">\r\n<ul>\r\n<li><a href=\"https://www.palmeira.pr.leg.br/institucional/informacoes-gerais\" target=\"_self\" title=\"\">Informa\u00e7\u00f5es Gerais</a></li>\r\n<li><a href=\"https://www.palmeira.pr.leg.br/institucional/acesso\" target=\"_self\" title=\"\">Acesso</a></li>\r\n<li><a href=\"https://www.palmeira.pr.leg.br/institucional/estrutura\" target=\"_self\" title=\"Estrutura\">Estrutura</a></li>\r\n<li><a href=\"https://www.palmeira.pr.leg.br/institucional/noticias\" target=\"_self\" title=\"Not\u00edcias\">Not\u00edcias</a></li>\r\n<li><a href=\"https://www.palmeira.pr.leg.br/institucional/procuradoria-da-mulher\" target=\"_self\" title=\"\">Procuradoria da Mulher</a></li>\r\n<li><a href=\"https://www.palmeira.pr.leg.br/institucional/parlamento-jovem\" target=\"_self\" title=\"\">Parlamento Jovem</a></li>\r\n<li><a href=\"https://www.palmeira.pr.leg.br/institucional/escola-do-legislativo\" target=\"_self\" title=\"\">Escola do Legislativo</a></li>\r\n<li><a title=\"\" href=\"https://www.palmeira.pr.leg.br/institucional/visita-guiada\" class=\"internal-link\" target=\"_self\">Visita Guiada</a></li>\r\n</ul>\r\n</div>\r\n<div style=\"text-align: left; \">\r\n<ul>\r\n<li style=\"text-align: center; \"><a href=\"https://www.palmeira.pr.leg.br/institucional/concurso-publico\" target=\"_self\" title=\"\">Concursos P\u00fablicos</a></li>\r\n<li style=\"text-align: center; \"><a href=\"https://www.palmeira.pr.leg.br/accessibility-info\" target=\"_self\" title=\"\">Acessibilidade Digital</a></li>\r\n<li style=\"text-align: center; \"><a href=\"https://www.instagram.com/camaradepalmeira/\" target=\"_self\" title=\"\">Redes Sociais</a></li>\r\n<li style=\"text-align: center; \"><a href=\"https://www.youtube.com/camaramunicipaldepalmeira\" target=\"_self\" title=\"\">TV C\u00e2mara</a></li>\r\n<li style=\"text-align: center; \"><a href=\"https://www.palmeira.pr.leg.br/faq\" target=\"_self\" title=\"\">Perguntas Frequentes</a></li>\r\n</ul>\r\n</div>\r\n</td>\r\n<td>\r\n<ul>\r\n<li style=\"text-align: center; \"><a href=\"https://www.palmeira.pr.leg.br/processo-legislativo/parlamentares-1\" target=\"_self\" title=\"Parlamentares\">Parlamentares</a></li>\r\n<li style=\"text-align: center; \"><a href=\"https://www.palmeira.pr.leg.br/processo-legislativo/mesa-diretora-1\" target=\"_self\" title=\"Mesa Diretora\">Mesa Diretora</a></li>\r\n<li style=\"text-align: center; \"><a href=\"https://www.palmeira.pr.leg.br/processo-legislativo/comissoes-1\" target=\"_self\" title=\"Comiss\u00f5es\">Comiss\u00f5es</a></li>\r\n<li style=\"text-align: center; \"><a href=\"https://sapl.palmeira.pr.leg.br/\" target=\"_self\" title=\"Mat\u00e9rias Legislativas\">Mat\u00e9rias Legislativas</a></li>\r\n<li style=\"text-align: center; \"><a href=\"https://sapl.palmeira.pr.leg.br/materia/pesquisar-materia?tipo=&amp;ementa=&amp;numero=&amp;numeracao__numero_materia=&amp;numero_protocolo=&amp;ano=&amp;o=&amp;tipo_listagem=1&amp;tipo_origem_externa=&amp;numero_origem_externa=&amp;ano_origem_externa=&amp;data_origem_externa_0=&amp;data_origem_externa_1=&amp;local_origem_externa=&amp;data_apresentacao_0=&amp;data_apresentacao_1=&amp;data_publicacao_0=&amp;data_publicacao_1=&amp;autoria__autor=&amp;autoria__primeiro_autor=unknown&amp;autoria__autor__tipo=&amp;autoria__autor__parlamentar_set__filiacao__partido=&amp;relatoria__parlamentar_id=&amp;em_tramitacao=&amp;tramitacao__unidade_tramitacao_destino=&amp;tramitacao__status=&amp;materiaassunto__assunto=&amp;indexacao=nominal\" target=\"_self\" title=\"\">Mat\u00e9rias Legislativas (vota\u00e7\u00e3o nominal)</a></li>\r\n<li style=\"text-align: center; \"><a href=\"https://www.palmeira.pr.leg.br/processo-legislativo/ordem-do-dia\" target=\"_self\" title=\"\">Ordem do Dia</a></li>\r\n<li style=\"text-align: center; \"><a href=\"https://www.palmeira.pr.leg.br/processo-legislativo/pauta-das-reunioes-das-comissoes-permanentes\" target=\"_self\" title=\"\">Pautas das Reuni\u00f5es das Comiss\u00f5es Permanentes</a></li>\r\n<li style=\"text-align: center; \"><a href=\"https://www.palmeira.pr.leg.br/processo-legislativo/atas-das-sessoes-plenarias\" target=\"_self\" title=\"\">Atas das Sess\u00f5es Plen\u00e1rias</a></li>\r\n<li style=\"text-align: center; \"><a href=\"https://www.palmeira.pr.leg.br/processo-legislativo/banco-de-ideias-legislativas\" target=\"_self\" title=\"\">Banco de Ideias Legislativas</a></li>\r\n<li style=\"text-align: center; \"><a href=\"https://www.palmeira.pr.leg.br/processo-legislativo/apreciacao-das-contas-do-poder-executivo-municipal\" target=\"_self\" title=\"\">Aprecia\u00e7\u00e3o das Contas do Poder Executivo Municipal</a></li>\r\n</ul>\r\n</td>\r\n<td>\r\n<ul>\r\n<li style=\"text-align: center; \"><a href=\"https://www.palmeira.pr.leg.br/transparencia/sic-e-ouvidoria\" target=\"_self\" title=\"\">SIC e Ouvidoria</a></li>\r\n<li style=\"text-align: center; \"><a class=\"external-link\" href=\"https://palmeira.eloweb.net/protocolo/19/aberturaProcessoExterno\" target=\"_self\" title=\"\">Protocolo Externo</a></li>\r\n<li style=\"text-align: center; \"><a href=\"https://palmeira.eloweb.net/portaltransparencia/?entidade=20\" target=\"_self\" title=\"\">Portal da Transpar\u00eancia</a></li>\r\n<li style=\"text-align: center; \"><a href=\"https://www.palmeira.pr.leg.br/transparencia/carta-de-servicos-ao-usuario\" target=\"_self\" title=\"\">Carta de Servi\u00e7os ao Usu\u00e1rio</a></li>\r\n<li style=\"text-align: center; \"><a href=\"https://www.palmeira.pr.leg.br/transparencia/resolucao-1-2023-do-presidente/at_download/file\" target=\"_self\" title=\"\">Pol\u00edtica de Privacidade e Prote\u00e7\u00e3o de Dados</a></li>\r\n<li style=\"text-align: center; \"><a href=\"https://www.diariomunicipal.com.br/amp/pesquisar\" target=\"_self\" title=\"\">Di\u00e1rio Oficial Eletr\u00f4nico</a></li>\r\n<li style=\"text-align: center; \"><a href=\"https://www.palmeira.pr.leg.br/transparencia/rastreamento-de-veiculo\" target=\"_self\" title=\"\">Rastreamento de Ve\u00edculo</a></li>\r\n<li style=\"text-align: center; \"><a href=\"https://www.palmeira.pr.leg.br/transparencia/licitacoes-em-andamento\" target=\"_self\" title=\"\">Licita\u00e7\u00f5es em Andamento</a></li>\r\n<li style=\"text-align: center; \"><a href=\"https://www.palmeira.pr.leg.br/transparencia/relatorios-de-presenca-ausencia-dos-vereadores\" target=\"_self\" title=\"\">Relat\u00f3rios de presen\u00e7a/aus\u00eancia dos Vereadores</a></li>\r\n</ul>\r\n</td>\r\n<td>\r\n<ul>\r\n<li style=\"text-align: center; \"><a class=\"external-link\" href=\"https://leismunicipais.com.br/camara/pr/palmeira\" target=\"_self\" title=\"Legisla\u00e7\u00e3o Municipal\">Legisla\u00e7\u00e3o Municipal</a></li>\r\n<li style=\"text-align: center; \"><a href=\"http://portal.assembleia.pr.leg.br/index.php/pesquisa-legislativa/proposicao\" target=\"_self\" title=\"\">Legisla\u00e7\u00e3o Estadual</a></li>\r\n<li style=\"text-align: center; \"><a href=\"http://www4.planalto.gov.br/legislacao/\" target=\"_self\" title=\"\">Legisla\u00e7\u00e3o Federal</a></li>\r\n<li style=\"text-align: center; \"><a href=\"https://www.palmeira.pr.leg.br/leis/lei-organica-municipal-arq/at_download/file\" target=\"_self\" title=\"\">Lei Org\u00e2nica Municipa</a>l</li>\r\n<li style=\"text-align: center; \"><a href=\"https://www.palmeira.pr.leg.br/leis/regimento-interno-da-camara-municipal-arq/at_download/file\" target=\"_self\" title=\"\">Regimento Interno da C\u00e2mara Municipal</a></li>\r\n<li style=\"text-align: center; \"><a href=\"http://leismunicipais.com.br/a1/pr/p/palmeira/lei-ordinaria/1994/170/1700/lei-ordinaria-n-1700-1994-dispoe-sobre-o-regime-juridico-unico-dos-servidores-publicos-municipais-da-administracao-direta-e-indireta-e-camara-municipal-de-palmeira-bem-como-estabelece-outras-providencias\" target=\"_self\" title=\"\">Regime Jur\u00eddico \u00danico dos Servidores P\u00fablicos</a></li>\r\n</ul>\r\n</td>\r\n<td>\r\n<ul>\r\n<li style=\"text-align: center; \"><a href=\"https://www.palmeira.pr.leg.br/links-uteis/prefeitura-municipal\" target=\"_self\" title=\"\">Prefeitura Municipal de Palmeira</a></li>\r\n<li style=\"text-align: center; \"><a href=\"https://www.palmeira.pr.leg.br/links-uteis/e-mail-legislativo\" target=\"_self\" title=\"\">E-mail Legislativo</a></li>\r\n<li style=\"text-align: center; \"><a href=\"https://www12.senado.leg.br/interlegis\" target=\"_self\" title=\"\">Interlegis</a></li>\r\n<li style=\"text-align: center; \"><a href=\"https://transparencia.atricon.org.br/\" target=\"_self\" title=\"\">Radar da Transpar\u00eancia P\u00fablica</a></li>\r\n</ul>\r\n</td>\r\n<td style=\"text-align: center; \">\r\n<p><strong>Endere\u00e7o:</strong><br />Rua Cel. Vida, 211 - Centro, Palmeira, PR - CEP: 84130 - 000</p>\r\n<p><strong>Telefone/Whatsapp:\u00a0</strong><br /><span>(42) 3252 - 1648 - Geral<br /></span><span>(42) 3252 - 2806 - Contabilidade/Compras</span></p>\r\n<address></address><strong>E-mail:</strong> <a class=\"email-link\" href=\"mailto:camaramunicipal@palmeira.pr.leg.br\" target=\"_blank\" title=\"\">camaramunicipal@palmeira.pr.leg.br</a><br />\r\n<p class=\" \"><br /><strong>Expediente<br /></strong><span>De segunda-feira a sexta-feira:<br /></span><span>- manh\u00e3: 8h \u00e0s 12h<br /></span><span>- tarde: 13h \u00e0s 17h</span></p>\r\n<p><a title=\"\" href=\"https://www.palmeira.pr.leg.br/rss-info\" class=\"internal-link\" target=\"_self\">RSS</a></p>\r\n</td>\r\n</tr>\r\n</tbody>\r\n</table>\r\n<table class=\"invisible\">\r\n<tbody>\r\n<tr>\r\n<td><a class=\"colophon-logo interlegis\" href=\"http://www.interlegis.leg.br/\"><img alt=\"Logotipo do Interlegis\" src=\"++theme++Interlegis/img/interlegis-footer.png\" /></a>\r\n<div class=\"colophon-info\">Este site \u00e9 feito com o software livre e aberto <a href=\"http://www.interlegis.leg.br/portalmodelo\">Portal Modelo</a> desenvolvido pelo <a href=\"http://www.interlegis.leg.br\">Interlegis</a> e roda sobre o CMS <a href=\"http://plone.org\">Plone</a>.</div>\r\n</td>\r\n<td><a class=\"colophon-logo creative-commons\" href=\"http://creativecommons.org/licenses/by-sa/4.0/deed.pt_BR\"><img alt=\"Selo Creative Commons BY-SA\" src=\"++theme++Interlegis/img/cc-by-sa-footer.png\" /></a>\r\n<div class=\"colophon-info\">Os conte\u00fados e dados deste site est\u00e3o publicados sob a licen\u00e7a <a href=\"http://creativecommons.org/licenses/by-sa/4.0/deed.pt_BR\">Creative Commons 4.0 \u2014 Atribuir Fonte - Compartilhar Igual.</a></div>\r\n</td>\r\n</tr>\r\n</tbody>\r\n</table>", "author_name": "", "version": "1.0", "author_url": "https://www.palmeira.pr.leg.br/author/cmpalmeira", "provider_name": "C\u00e2mara Municipal de Palmeira", "type": "rich"}