{"provider_url": "https://www.palmeira.pr.leg.br", "title": "Comunicado - Convoca\u00e7\u00e3o de Sess\u00f5es Extraordin\u00e1rias", "html": "<p data-start=\"0\" data-end=\"56\">A C\u00e2mara Municipal de Palmeira informa que realizar\u00e1 sess\u00f5es extraordin\u00e1rias nos dias 1\u00ba e 8 de julho de 2025, ambas \u00e0s 20 horas, no Plen\u00e1rio da Casa Legislativa.</p>\r\n<p data-start=\"222\" data-end=\"467\">As sess\u00f5es foram convocadas pelo presidente Diego Zanetti, conforme o inciso II do artigo 77 do Regimento Interno, para aprecia\u00e7\u00e3o do Projeto de Lei n\u00ba 6449/2025, que disp\u00f5e sobre a Lei de Diretrizes Or\u00e7ament\u00e1rias (LDO) para o exerc\u00edcio de 2026.</p>\r\n<p data-start=\"469\" data-end=\"530\">Na sess\u00e3o do dia <strong data-start=\"486\" data-end=\"501\">1\u00ba de julho</strong>, ser\u00e3o discutidas e votadas:</p>\r\n<ul data-start=\"531\" data-end=\"683\">\r\n<li data-start=\"531\" data-end=\"615\">\r\n<p data-start=\"533\" data-end=\"615\">Emenda modificativa, substitutiva e aditiva n\u00ba 1 ao Projeto de Lei n\u00ba 6449/2025;</p>\r\n</li>\r\n<li data-start=\"616\" data-end=\"683\">\r\n<p data-start=\"618\" data-end=\"683\">1\u00aa discuss\u00e3o e vota\u00e7\u00e3o do Projeto de Lei n\u00ba 6449/2025 \u2013 LDO 2026.</p>\r\n</li>\r\n</ul>\r\n<p data-start=\"685\" data-end=\"727\">Na sess\u00e3o do dia <strong data-start=\"702\" data-end=\"716\">8 de julho</strong>, ocorrer\u00e1:</p>\r\n<ul data-start=\"728\" data-end=\"795\">\r\n<li data-start=\"728\" data-end=\"795\">\r\n<p data-start=\"730\" data-end=\"795\">2\u00aa discuss\u00e3o e vota\u00e7\u00e3o do Projeto de Lei n\u00ba 6449/2025 \u2013 LDO 2026.</p>\r\n</li>\r\n</ul>\r\n<p data-start=\"797\" data-end=\"1040\" data-is-last-node=\"\" data-is-only-node=\"\">A LDO \u00e9 uma das pe\u00e7as fundamentais do planejamento or\u00e7ament\u00e1rio municipal e estabelece as metas e prioridades da administra\u00e7\u00e3o p\u00fablica para o ano seguinte. As sess\u00f5es s\u00e3o abertas ao p\u00fablico e ser\u00e3o transmitidas pelos canais oficiais da C\u00e2mara. Ordens do Dia dispon\u00edveis <span class=\"visualHighlight\"><a title=\"\" href=\"https://www.palmeira.pr.leg.br/processo-legislativo/ordem-do-dia\" class=\"external-link\" target=\"_self\">AQUI</a></span></p>", "author_name": "", "version": "1.0", "author_url": "https://www.palmeira.pr.leg.br/author/igorgavioli", "provider_name": "C\u00e2mara Municipal de Palmeira", "type": "rich"}