{"provider_url": "https://www.palmeira.pr.leg.br", "title": "Col\u00e9gio Agr\u00edcola recebe sess\u00e3o itinerante do Parlamento Jovem", "html": "<p>Na quinta-feira, dia 30 de outubro, o Parlamento Jovem de Palmeira realizou sua 3\u00aa Sess\u00e3o Ordin\u00e1ria do segundo per\u00edodo legislativo de 2025 em um formato especial: a sess\u00e3o itinerante, que levou os trabalhos legislativos juvenis at\u00e9 o Col\u00e9gio Agr\u00edcola.</p>\r\n<p>O evento reuniu mais de 160 alunos e professores. Durante a sess\u00e3o, foram aprovados 05 requerimentos, 22 indica\u00e7\u00f5es, 01 mo\u00e7\u00e3o de aplausos e 02 Projetos de Lei. As tem\u00e1ticas trazidas evidenciaram o olhar da juventude para as necessidades da popula\u00e7\u00e3o e o fortalecimento dos servi\u00e7os p\u00fablicos.</p>\r\n<p>Tr\u00eas parlamentares jovens usaram da palavra para aprofundar reflex\u00f5es sobre temas importantes:</p>\r\n<ul>\r\n<li><b>Vereadora Maria</b> defendeu o projeto de lei \u201cVozes que Latem\u201d destinado \u00e0 conscientiza\u00e7\u00e3o e defesa dos animais.</li>\r\n<li><b>Vereadora Ana Clara</b> defendeu o projeto de lei <i>\u201cCapacita Palmeira\u201d</i>, para capacita\u00e7\u00e3o e inser\u00e7\u00e3o dos jovens no mercado de trabalho.</li>\r\n<li><b>Vereadora Vit\u00f3ria</b> falou sobre <i>\u201cOutubro Rosa \u2013 Quando a Juventude fala em cuidado, a sociedade aprende a se amar. </i></li>\r\n</ul>\r\n<p>\u00a0</p>\r\n<p>Ainda na sess\u00e3o, o Parlamento Jovem realizou a entrega da Mo\u00e7\u00e3o de Aplausos ao Gr\u00eamio Estudantil do Col\u00e9gio pelos relevantes trabalhos prestados em prol dos estudantes.<b> </b></p>\r\n<p>Encerrando a sess\u00e3o, a presidente declarou informou que a \u00faltima sess\u00e3o do Parlamento Jovem est\u00e1 agendada para o dia 27 de novembro de 2025.</p>", "author_name": "", "version": "1.0", "author_url": "https://www.palmeira.pr.leg.br/author/igorgavioli", "provider_name": "C\u00e2mara Municipal de Palmeira", "type": "rich"}