{"provider_url": "https://www.palmeira.pr.leg.br", "title": "C\u00e2mara de Palmeira realiza 31\u00aa Sess\u00e3o Ordin\u00e1ria", "html": "<p>Na ter\u00e7a-feira (02), a C\u00e2mara Municipal de Palmeira promoveu a 31\u00aa Sess\u00e3o Ordin\u00e1ria de 2025, marcada pela aprecia\u00e7\u00e3o de diversas indica\u00e7\u00f5es, projetos de lei e pronunciamentos de vereadores.</p>\r\n<p><strong>Indica\u00e7\u00f5es</strong></p>\r\n<p>Foram aprovadas cinco indica\u00e7\u00f5es com temas como: patrolamento e cascalhamento nas estradas do Rio das Pedras, da regi\u00e3o dos Sergik, e da Col\u00f4nia Primavera, sugerindo parceria com o Porto de Areia Brasil para viabilizar os trabalhos; estudo de melhoria na sinaliza\u00e7\u00e3o da Rua Jo\u00e3o Hon\u00f3rio dos Santos, no Bairro Rocio I, incluindo possibilidade de redutor de velocidade; melhorias na ilumina\u00e7\u00e3o p\u00fablica, com poss\u00edvel substitui\u00e7\u00e3o por l\u00e2mpadas de LED, na Rua Durval Assun\u00e7\u00e3o, no Bairro Rocio II.</p>\r\n<p><strong>Projetos de Lei</strong></p>\r\n<p>Tamb\u00e9m foram apreciados e aprovados os seguintes projetos:\u00a0</p>\r\n<ul>\r\n<li>2\u00aa discuss\u00e3o:</li>\r\n<ul>\r\n<li>PL n\u00ba 6.540/2025 Substitutivo 2 \u2013 Altera a Lei n\u00ba 5.386/2021, sobre a estrutura organizacional administrativa do Poder Executivo (regime de urg\u00eancia).</li>\r\n</ul>\r\n<li>1\u00aa discuss\u00e3o:</li>\r\n<ul>\r\n<li>PL n\u00ba 6.541/2025 Substitutivo \u2013 Disp\u00f5e sobre a abertura de vagas no servi\u00e7o p\u00fablico municipal, integrando o plano de cargos e sal\u00e1rios dos servidores efetivos.</li>\r\n<li>PL n\u00ba 6.543/2025 \u2013 Autoriza a permiss\u00e3o de uso gratuito de bens p\u00fablicos \u00e0 Associa\u00e7\u00e3o de Moradores de Pinheiral de Baixo.</li>\r\n<li>PL n\u00bas 6.544 a 6.549/2025 \u2013 Autorizam aberturas de cr\u00e9ditos adicionais especiais e suplementares nas \u00e1reas de assist\u00eancia social, educa\u00e7\u00e3o, desenvolvimento rural e urbano, totalizando mais de R$ 2,5 milh\u00f5es em recursos.</li>\r\n<li>PL n\u00ba 6.550/2025 \u2013 Disp\u00f5e sobre a denomina\u00e7\u00e3o de via p\u00fablica do munic\u00edpio.\u00a0</li>\r\n</ul>\r\n</ul>\r\n<p><strong>Tribuna</strong></p>\r\n<p>Na tribuna, o vereador Joslei Sequineli celebrou a san\u00e7\u00e3o da Lei n\u00ba 638/2025, de sua autoria, que reconhece a fumicultura como atividade de relev\u00e2ncia econ\u00f4mica e social em Palmeira. Em sua fala, destacou sua experi\u00eancia pessoal na lavoura, agradeceu aos apoiadores e refor\u00e7ou seu compromisso com os agricultores e fam\u00edlias que dependem da atividade.</p>\r\n<p><strong>Explica\u00e7\u00f5es pessoais</strong></p>\r\n<p>O vereador Sargento Gaio agradeceu \u00e0 comunidade de Vieiras e \u00e0 administra\u00e7\u00e3o municipal pela retomada da Festa da Colheita, destacou a abertura do Minibol como incentivo ao esporte infantil, parabenizou o prefeito, o Departamento de Esportes e o diretor Thiago pelo trabalho realizado, al\u00e9m de homenagear os profissionais de educa\u00e7\u00e3o f\u00edsica pelo seu dia.</p>\r\n<p>Somente o vereador Vane n\u00e3o participou da sess\u00e3o por motivos de for\u00e7a maior.</p>", "author_name": "", "version": "1.0", "author_url": "https://www.palmeira.pr.leg.br/author/igorgavioli", "provider_name": "C\u00e2mara Municipal de Palmeira", "type": "rich"}