{"provider_url": "https://www.palmeira.pr.leg.br", "title": "C\u00e2mara aprova mudan\u00e7as regimentais e anteprojeto na 32\u00aa sess\u00e3o", "html": "<p>Na ter\u00e7a-feira (9), a C\u00e2mara Municipal de Palmeira realizou a 32\u00aa sess\u00e3o ordin\u00e1ria de 2025, com presen\u00e7a de todos os vereadores. Foram analisadas indica\u00e7\u00f5es, projetos de lei, anteprojeto, resolu\u00e7\u00e3o e proposta de emenda \u00e0 Lei Org\u00e2nica. Todas as mat\u00e9rias em vota\u00e7\u00e3o foram aprovadas.</p>\r\n<p><strong>Indica\u00e7\u00f5es apresentadas</strong></p>\r\n<p>Entre as proposi\u00e7\u00f5es, destacaram-se pedidos de patrolamento e cascalhamento em estradas rurais das comunidades de Vileiros, Limeira, Col\u00f4nia Quero-Quero, Cap\u00e3o Bonito, Pinheiral de Baixo e Curtume Krambeck, al\u00e9m de melhorias no bairro Papirus. Houve ainda indica\u00e7\u00e3o para instala\u00e7\u00e3o de academia ao ar livre na comunidade de \u00c1gua Clara e para avalia\u00e7\u00e3o do pagamento de adicionais de insalubridade ou periculosidade \u00e0s merendeiras das escolas municipais.</p>\r\n<p><strong>Projetos de Lei e Resolu\u00e7\u00e3o</strong></p>\r\n<p>Em segunda discuss\u00e3o, os vereadores aprovaram o substitutivo ao projeto de lei n\u00ba 6.541/2025, que trata da abertura de vagas no servi\u00e7o p\u00fablico, al\u00e9m de mat\u00e9rias sobre coopera\u00e7\u00e3o com a Associa\u00e7\u00e3o de Moradores de Pinheiral de Baixo e autoriza\u00e7\u00f5es de cr\u00e9ditos adicionais em diferentes secretarias.</p>\r\n<p>Em primeira discuss\u00e3o, foi analisado o projeto de resolu\u00e7\u00e3o n\u00ba 186/2025, que altera o artigo 51 do Regimento Interno da C\u00e2mara, e a emenda \u00e0 Lei Org\u00e2nica n\u00ba 33/2025, que modifica o caput do artigo 40 da legisla\u00e7\u00e3o municipal. Tamb\u00e9m passaram projetos de lei relacionados \u00e0 abertura de cr\u00e9ditos adicionais, com valores que ultrapassam R$ 6 milh\u00f5es, destinados \u00e0s \u00e1reas de educa\u00e7\u00e3o, assist\u00eancia social, desenvolvimento rural, desenvolvimento urbano e meio ambiente.</p>\r\n<p><strong>Pronunciamentos</strong></p>\r\n<p>Entrou em pauta e foi aprovado o anteprojeto n\u00ba 05/2025, de autoria da vereadora Fab\u00edola, que institui o Cadastro Municipal de Pessoas com Defici\u00eancia (CMPCD). A parlamentar explicou que a proposta surgiu ap\u00f3s di\u00e1logo com fam\u00edlias at\u00edpicas e busca mapear a realidade local. \u201cCom esse levantamento ser\u00e1 poss\u00edvel reivindicar recursos e pol\u00edticas p\u00fablicas espec\u00edficas\u201d, afirmou.</p>\r\n<p>Nos pronunciamentos finais, o vereador Gaio relatou pedido de moradores dos bairros Regina Vit\u00f3ria e N\u00facleo Tibagi para implanta\u00e7\u00e3o de redutor de velocidade na via que conecta as localidades, onde j\u00e1 foram registrados acidentes. Segundo ele, mais de 50 moradores assinaram o documento entregue ao Legislativo.</p>\r\n<p>O vereador Vane destacou investimentos conquistados na \u00e1rea da sa\u00fade em trabalho com a secret\u00e1ria de Estado, Leandre, e a secret\u00e1ria municipal, Kamila. O recurso possibilitou a troca de cadeiras odontol\u00f3gicas em 18 unidades de sa\u00fade do munic\u00edpio.</p>\r\n<p>Ao final da sess\u00e3o o presidente, Diego Zanetti, realizou encaminhamentos e informou que a pr\u00f3xima sess\u00e3o acontecer\u00e1 em hor\u00e1rio regimental na ter\u00e7a-feira, 16 de setembro.</p>", "author_name": "", "version": "1.0", "author_url": "https://www.palmeira.pr.leg.br/author/igorgavioli", "provider_name": "C\u00e2mara Municipal de Palmeira", "type": "rich"}